{"id":52,"date":"2025-08-23T19:21:14","date_gmt":"2025-08-23T19:21:14","guid":{"rendered":"https:\/\/mujercitasmagazine.cl\/?p=52"},"modified":"2025-08-23T19:23:09","modified_gmt":"2025-08-23T19:23:09","slug":"iv-edicion-de-fundadoras-business-festival-2025-unespacio-que-impulsa-a-miles-de-mujeres-lideres-en-elencuentro-de-emprendimiento-femenino-mas-grande-de-latinoamerica","status":"publish","type":"post","link":"https:\/\/mujercitasmagazine.cl\/?p=52","title":{"rendered":"IV Edici\u00f3n de Fundadoras Business Festival 2025: UnEspacio que Impulsa a miles de Mujeres L\u00edderes en elEncuentro de Emprendimiento Femenino M\u00e1s Grande de Latinoam\u00e9rica"},"content":{"rendered":"\n<figure class=\"wp-block-image size-large is-resized\"><img loading=\"lazy\" decoding=\"async\" width=\"683\" height=\"1024\" src=\"https:\/\/mujercitasmagazine.cl\/wp-content\/uploads\/2025\/08\/Fundadoras-6-683x1024.jpg\" alt=\"\" class=\"wp-image-53\" style=\"width:600px;height:auto\" srcset=\"https:\/\/mujercitasmagazine.cl\/wp-content\/uploads\/2025\/08\/Fundadoras-6-683x1024.jpg 683w, https:\/\/mujercitasmagazine.cl\/wp-content\/uploads\/2025\/08\/Fundadoras-6-200x300.jpg 200w, https:\/\/mujercitasmagazine.cl\/wp-content\/uploads\/2025\/08\/Fundadoras-6-768x1151.jpg 768w, https:\/\/mujercitasmagazine.cl\/wp-content\/uploads\/2025\/08\/Fundadoras-6-1025x1536.jpg 1025w, https:\/\/mujercitasmagazine.cl\/wp-content\/uploads\/2025\/08\/Fundadoras-6-1367x2048.jpg 1367w, https:\/\/mujercitasmagazine.cl\/wp-content\/uploads\/2025\/08\/Fundadoras-6-scaled.jpg 1709w\" sizes=\"auto, (max-width: 683px) 100vw, 683px\" \/><\/figure>\n\n\n\n<p>Casona Santa Rosa de Apoquindo, S\u00e1bado 11 de octubre \u2022 El Festival de negocios para<br>mujeres emprendedoras y empresarias.<\/p>\n\n\n\n<p>Una cita \u00fanica organizada por Fundadoras, la escuela y comunidad de CEO\u2019s, fundadoras y<br>l\u00edderes de negocios m\u00e1s grande de Latinoam\u00e9rica, que desde 2018 impulsa la<br>transformaci\u00f3n de m\u00e1s de 70.000 emprendedoras y empresarias en m\u00e1s de 12 pa\u00edses. En su<br>cuarta edici\u00f3n, el festival proyecta un impacto sin precedentes bajo el lema: \u201cEmprender es<\/p>\n\n\n\n<p>de Valientes\u201d.<\/p>\n\n\n\n<p>Por primera vez, se vivir\u00e1 en la emblem\u00e1tica Casona Santa Rosa de Apoquindo en las<br>condes, con 12 horas ininterrumpidas en una experiencia inmersiva de liderazgo en negocios<br>donde se une la educaci\u00f3n, inspiraci\u00f3n, networking y aprendizaje transformador, bajo el<br>liderazgo de Lorena Gallardo, reconocida por Forbes como una de las 50 mujeres m\u00e1s<br>poderosas de Chile y galardonada como una de las 100 mujeres l\u00edderes de Chile por el Diario<\/p>\n\n\n\n<p>el mercurio entre otros reconocimientos.<\/p>\n\n\n\n<p>En Chile, las mujeres representan hoy el 30% de la fuerza laboral, una cifra que<br>crece cada a\u00f1o a medida que m\u00e1s se atreven a emprender y a transformar el<br>panorama empresarial del pa\u00eds. Este avance no es solo un n\u00famero: es la se\u00f1al de una<br>nueva forma de liderar, donde el prop\u00f3sito, el impacto social y el \u00e9xito integral<br>marcan el rumbo. En ese esp\u00edritu nace la IV versi\u00f3n del Fundadoras Business Festival<br>2025, el encuentro que cada a\u00f1o re\u00fane a las mujeres que est\u00e1n escribiendo la<br>nueva historia de los negocios en Latinoam\u00e9rica. Organizado por Fundadoras, el<br>ecosistema que desde hace ocho a\u00f1os impulsa, forma y conecta a l\u00edderes de toda la<br>regi\u00f3n, este festival es el d\u00eda donde hist\u00f3ricamente se han congregado la mayor<br>cantidad de mujeres empresarias y emprendedoras no solo de Chile sino que de<br>todo Latam: es un d\u00eda entero de inspiraci\u00f3n, aprendizaje y conexiones que abren<br>puertas.<\/p>\n\n\n\n<p>Con m\u00e1s de 70.000 emprendedoras y empresarias impulsadas en m\u00e1s de 12 pa\u00edses,<br>Fundadoras, y con la reciente gira por 7 diferentes regiones del pa\u00eds desde<br>Antofagasta a Magallanes, la comunidad de Fundadoras ha demostrado que el \u00e9xito<br>empresarial y el impacto positivo no solo pueden coexistir, sino que juntos tienen el<br>poder de transformar vidas y comunidades. Esa misma esencia se vive y se multiplica<br>cada a\u00f1o en el Fundadoras Business Festival, que en su IV versi\u00f3n llega en 2025 para<br>reunir a miles de mujeres en una jornada dise\u00f1ada para inspirar, conectar y abrir<br>nuevas oportunidades.<br>La cita ser\u00e1 el s\u00e1bado 11 de octubre de 2025, de 9:00 a 21:00 horas, en la Casona<br>Santa Rosa de Apoquindo, un lugar elegido por su accesibilidad y excelente<br>conectividad, preparado para recibir a miles mujeres visionarias en una jornada<br>dise\u00f1ada para vivir una experiencia \u00fanica de crecimiento personal y profesional. Al<br>frente de esta cita est\u00e1 Lorena Gallardo, CEO de Fundadoras, psic\u00f3loga<br>organizacional distinguida en las listas \u201c100 Mujeres L\u00edderes\u201d y \u201c50 Mujeres m\u00e1s<br>Poderosas de Chile\u201d seg\u00fan Forbes, y galardonada con el Premio Mujer Referente<br>del Women Economic Forum 2023. Su liderazgo ha sido clave para dar forma a lo que<br>ella describe como \u201cun festival dise\u00f1ado para abrir un mundo de posibilidades<br>infinitas, para la vida y los negocios de las mujeres que sue\u00f1an en grande\u201d.<br>La edici\u00f3n 2025 sorprender\u00e1 con nuevos espacios inmersivos creados para un<br>aprendizaje profundo y un networking transformador: The Mastery Hall, un<br>segundo escenario con clases magistrales y workshops de expertas en negocios,<br>bienestar y liderazgo; The Founder Circle, mentor\u00edas uno a uno de alto nivel con<br>l\u00edderes de la industria que comparten experiencia y visi\u00f3n; The Connect Room,<br>din\u00e1micas de networking con intenci\u00f3n para generar conexiones genuinas; The<br>Founders Studio (VIP), un oasis exclusivo con comidas y bebidas ilimitadas, zonas de<br>descanso premium y acceso directo a speakers, mentores y master trainers; y The<br>Power Party, la fiesta ic\u00f3nica de Fundadoras con DJ en vivo, barra abierta, luces y<br>una energ\u00eda vibrante que celebra los logros y las conexiones creadas.<br>Las asistentes forman parte de una comunidad de mujeres imparables: 90% son<br>profesionales, 80% son mam\u00e1s emprendedoras, 97% emprenden para generar un<br>impacto positivo y 70% vive en Santiago de Chile. Desde artistas hasta ingenieras,<br>pasando por abogadas, arquitectas y coaches, todas est\u00e1n unidas por un mismo<br>compromiso: liderar con conciencia y transformar su entorno.<br>Impacto que trasciende, proyecciones que inspiran<\/p>\n\n\n\n<p>El impacto del festival crece a\u00f1o a a\u00f1o. En 2023 reuni\u00f3 a m\u00e1s de 1.200 fundadoras<br>de manera presencial. Para 2025, la meta es a\u00fan m\u00e1s ambiciosa: se espera la<br>asistencia de +1500 Fundadoras de empresas de todo el pa\u00eds, consolidando un<br>ecosistema donde negocios, bienestar e impacto convergen bajo el lema:<br>\u201cEmprender es de valientes\u201d.<br>El Fundadoras Business Festival 2025 no es solo un evento, es una plataforma de<br>empoderamiento colectivo que invita a marcas, l\u00edderes y visionarias a formar parte<br>del movimiento de mujeres emprendedoras m\u00e1s grande de Latinoam\u00e9rica. Es la<br>oportunidad de conectar con mujeres que toman decisiones en sus negocios,<br>hogares y comunidades, y de ser parte de una causa que trasciende mucho m\u00e1s all\u00e1<br>de un solo d\u00eda. \u00danete y s\u00e9 parte de este encuentro que inspira, transforma y<br>construye un mejor futuro para todas.<br>M\u00e1s informaci\u00f3n en su Instagram @fundadoras y en www.fundadoras.com<\/p>\n\n\n\n<p><\/p>\n\n\n\n<p><\/p>\n","protected":false},"excerpt":{"rendered":"<p>Casona Santa Rosa de Apoquindo, S\u00e1bado 11 de octubre \u2022 El Festival de negocios paramujeres emprendedoras y empresarias. Una cita \u00fanica organizada por Fundadoras, la &hellip; <\/p>\n","protected":false},"author":1,"featured_media":53,"comment_status":"open","ping_status":"open","sticky":false,"template":"","format":"standard","meta":{"_uag_custom_page_level_css":"","footnotes":""},"categories":[2],"tags":[],"class_list":["post-52","post","type-post","status-publish","format-standard","has-post-thumbnail","hentry","category-eventos"],"uagb_featured_image_src":{"full":["https:\/\/mujercitasmagazine.cl\/wp-content\/uploads\/2025\/08\/Fundadoras-6-scaled.jpg",1709,2560,false],"thumbnail":["https:\/\/mujercitasmagazine.cl\/wp-content\/uploads\/2025\/08\/Fundadoras-6-150x150.jpg",150,150,true],"medium":["https:\/\/mujercitasmagazine.cl\/wp-content\/uploads\/2025\/08\/Fundadoras-6-200x300.jpg",200,300,true],"medium_large":["https:\/\/mujercitasmagazine.cl\/wp-content\/uploads\/2025\/08\/Fundadoras-6-768x1151.jpg",768,1151,true],"large":["https:\/\/mujercitasmagazine.cl\/wp-content\/uploads\/2025\/08\/Fundadoras-6-683x1024.jpg",683,1024,true],"1536x1536":["https:\/\/mujercitasmagazine.cl\/wp-content\/uploads\/2025\/08\/Fundadoras-6-1025x1536.jpg",1025,1536,true],"2048x2048":["https:\/\/mujercitasmagazine.cl\/wp-content\/uploads\/2025\/08\/Fundadoras-6-1367x2048.jpg",1367,2048,true],"hello-fashion-slider":["https:\/\/mujercitasmagazine.cl\/wp-content\/uploads\/2025\/08\/Fundadoras-6-scaled.jpg",401,600,false],"hello-fashion-blog-three":["https:\/\/mujercitasmagazine.cl\/wp-content\/uploads\/2025\/08\/Fundadoras-6-scaled.jpg",335,502,false],"hello-fashion-blog-four":["https:\/\/mujercitasmagazine.cl\/wp-content\/uploads\/2025\/08\/Fundadoras-6-scaled.jpg",457,685,false],"vilva-slider-one":["https:\/\/mujercitasmagazine.cl\/wp-content\/uploads\/2025\/08\/Fundadoras-6-scaled.jpg",401,600,false],"vilva-featured-four":["https:\/\/mujercitasmagazine.cl\/wp-content\/uploads\/2025\/08\/Fundadoras-6-scaled.jpg",354,530,false],"vilva-blog":["https:\/\/mujercitasmagazine.cl\/wp-content\/uploads\/2025\/08\/Fundadoras-6-scaled.jpg",187,280,false],"vilva-blog-one":["https:\/\/mujercitasmagazine.cl\/wp-content\/uploads\/2025\/08\/Fundadoras-6-scaled.jpg",334,500,false],"vilva-sidebar":["https:\/\/mujercitasmagazine.cl\/wp-content\/uploads\/2025\/08\/Fundadoras-6-scaled.jpg",316,473,false]},"uagb_author_info":{"display_name":"Mujercitas Magazine","author_link":"https:\/\/mujercitasmagazine.cl\/?author=1"},"uagb_comment_info":0,"uagb_excerpt":"Casona Santa Rosa de Apoquindo, S\u00e1bado 11 de octubre \u2022 El Festival de negocios paramujeres emprendedoras y empresarias. Una cita \u00fanica organizada por Fundadoras, la &hellip;","_links":{"self":[{"href":"https:\/\/mujercitasmagazine.cl\/index.php?rest_route=\/wp\/v2\/posts\/52","targetHints":{"allow":["GET"]}}],"collection":[{"href":"https:\/\/mujercitasmagazine.cl\/index.php?rest_route=\/wp\/v2\/posts"}],"about":[{"href":"https:\/\/mujercitasmagazine.cl\/index.php?rest_route=\/wp\/v2\/types\/post"}],"author":[{"embeddable":true,"href":"https:\/\/mujercitasmagazine.cl\/index.php?rest_route=\/wp\/v2\/users\/1"}],"replies":[{"embeddable":true,"href":"https:\/\/mujercitasmagazine.cl\/index.php?rest_route=%2Fwp%2Fv2%2Fcomments&post=52"}],"version-history":[{"count":1,"href":"https:\/\/mujercitasmagazine.cl\/index.php?rest_route=\/wp\/v2\/posts\/52\/revisions"}],"predecessor-version":[{"id":54,"href":"https:\/\/mujercitasmagazine.cl\/index.php?rest_route=\/wp\/v2\/posts\/52\/revisions\/54"}],"wp:featuredmedia":[{"embeddable":true,"href":"https:\/\/mujercitasmagazine.cl\/index.php?rest_route=\/wp\/v2\/media\/53"}],"wp:attachment":[{"href":"https:\/\/mujercitasmagazine.cl\/index.php?rest_route=%2Fwp%2Fv2%2Fmedia&parent=52"}],"wp:term":[{"taxonomy":"category","embeddable":true,"href":"https:\/\/mujercitasmagazine.cl\/index.php?rest_route=%2Fwp%2Fv2%2Fcategories&post=52"},{"taxonomy":"post_tag","embeddable":true,"href":"https:\/\/mujercitasmagazine.cl\/index.php?rest_route=%2Fwp%2Fv2%2Ftags&post=52"}],"curies":[{"name":"wp","href":"https:\/\/api.w.org\/{rel}","templated":true}]}}