{"id":441,"date":"2026-04-20T19:26:36","date_gmt":"2026-04-20T19:26:36","guid":{"rendered":"https:\/\/mujercitasmagazine.cl\/?p=441"},"modified":"2026-04-20T19:26:55","modified_gmt":"2026-04-20T19:26:55","slug":"con-mas-vinas-y-expositores-san-fernando-ya-palpita-la-vendimia-2026","status":"publish","type":"post","link":"https:\/\/mujercitasmagazine.cl\/?p=441","title":{"rendered":"CON M\u00c1S VI\u00d1AS Y EXPOSITORES: SAN FERNANDO YA PALPITA LA VENDIMIA 2026"},"content":{"rendered":"\n<p>Los hermosos parajes de Vi\u00f1a Koyle, ubicada en Los Lingues, se transformaron en el escenario ideal para dar el vamos oficial a una nueva edici\u00f3n de la Vendimia de San Fernando. La actividad fue encabezada por el alcalde Pablo Silva P\u00e9rez junto al Concejo Municipal en pleno, marcando as\u00ed el inicio de la cuenta regresiva para una de las celebraciones m\u00e1s importantes de la capital de Colchagua.<\/p>\n\n\n\n<p>La fiesta, que contar\u00e1 con una variada oferta de expositores en torno al vino, se desarrollar\u00e1 los d\u00edas 1, 2 y 3 de mayo en la Plaza de Armas de San Fernando, consolid\u00e1ndose como el cierre del ciclo de vendimias en la regi\u00f3n de O\u2019Higgins y, al mismo tiempo, como el puntapi\u00e9 inicial de las celebraciones por el aniversario n\u00famero 284 de la comuna.<\/p>\n\n\n\n<p>Seg\u00fan lo anunciado durante el punto de prensa, en esta oportunidad ser\u00e1n 28 las vi\u00f1as participantes: Parcela 33, Casa de Valenzuela, Token, Siete Wines, Pangalillo, Santa Cruz, Selentia, Ravanal, RC Vi\u00f1edos, Los Cardos, Vi\u00f1edos Carmen Vald\u00e9s, Don Dago, Viu Manent, Las Ni\u00f1as, Laura Hartwig, Veramonte, Ney\u00e9n de Apalta, Parker, Montgras, Casa Silva, Koyle, Sutil, Siegel, Maturana Wines y la Cooperativa de Vi\u00f1as Campesinas de Colchagua que se suma con 4 exponentes que son las vi\u00f1as Kelcherewe, Escobar, Jorge Letelier y Valle Herradura.<\/p>\n\n\n\n<p>En la instancia, el alcalde Pablo Silva P\u00e9rez manifest\u00f3 su entusiasmo por esta segunda versi\u00f3n: \u201cTenemos muchas expectativas, ya que la primera edici\u00f3n super\u00f3 ampliamente nuestras proyecciones. Ahora queremos seguir consolidando esta fiesta, con m\u00e1s vi\u00f1as y m\u00e1s expositores, donde el gran protagonista ser\u00e1 el vino\u201d.<\/p>\n\n\n\n<p>Asimismo, la autoridad comunal extendi\u00f3 una invitaci\u00f3n abierta a la comunidad: \u201cQueremos seguir fortaleciendo esta fiesta familiar en nuestra Plaza de Armas, para que las familias de San Fernando se reencuentren y tambi\u00e9n para atraer a turistas. Invitamos a todos a sumarse; no van a salir defraudados de una celebraci\u00f3n que lleg\u00f3 para quedarse\u201d.<\/p>\n\n\n\n<p>En la misma l\u00ednea, Juan Jos\u00e9 Aldunate, gerente del Hotel Santa Teresita y presidente de la Asociaci\u00f3n Gremial Andes Colchagua, valor\u00f3 el impacto de esta iniciativa: \u201cCreemos que ser\u00e1 una experiencia a\u00fan mejor que la primera versi\u00f3n. Destacamos el impulso del municipio para desarrollar este tipo de instancias, porque el vino es parte del patrimonio y la cultura de San Fernando. Aqu\u00ed es clave que vi\u00f1as, restaurantes, hoteles y el mundo privado trabajamos en conjunto, fortaleciendo una alianza p\u00fablico-privada que resulta muy virtuosa para la comuna\u201d.<\/p>\n","protected":false},"excerpt":{"rendered":"<p>Los hermosos parajes de Vi\u00f1a Koyle, ubicada en Los Lingues, se transformaron en el escenario ideal para dar el vamos oficial a una nueva edici\u00f3n &hellip; <\/p>\n","protected":false},"author":1,"featured_media":442,"comment_status":"open","ping_status":"open","sticky":false,"template":"","format":"standard","meta":{"_uag_custom_page_level_css":"","footnotes":""},"categories":[14],"tags":[],"class_list":["post-441","post","type-post","status-publish","format-standard","has-post-thumbnail","hentry","category-panoramas"],"uagb_featured_image_src":{"full":["https:\/\/mujercitasmagazine.cl\/wp-content\/uploads\/2026\/04\/IMG_2308.jpeg",2560,1706,false],"thumbnail":["https:\/\/mujercitasmagazine.cl\/wp-content\/uploads\/2026\/04\/IMG_2308-150x150.jpeg",150,150,true],"medium":["https:\/\/mujercitasmagazine.cl\/wp-content\/uploads\/2026\/04\/IMG_2308-300x200.jpeg",300,200,true],"medium_large":["https:\/\/mujercitasmagazine.cl\/wp-content\/uploads\/2026\/04\/IMG_2308-768x512.jpeg",768,512,true],"large":["https:\/\/mujercitasmagazine.cl\/wp-content\/uploads\/2026\/04\/IMG_2308-1024x682.jpeg",840,559,true],"1536x1536":["https:\/\/mujercitasmagazine.cl\/wp-content\/uploads\/2026\/04\/IMG_2308-1536x1024.jpeg",1536,1024,true],"2048x2048":["https:\/\/mujercitasmagazine.cl\/wp-content\/uploads\/2026\/04\/IMG_2308-2048x1365.jpeg",2048,1365,true],"hello-fashion-slider":["https:\/\/mujercitasmagazine.cl\/wp-content\/uploads\/2026\/04\/IMG_2308-480x600.jpeg",480,600,true],"hello-fashion-blog-three":["https:\/\/mujercitasmagazine.cl\/wp-content\/uploads\/2026\/04\/IMG_2308-420x502.jpeg",420,502,true],"hello-fashion-blog-four":["https:\/\/mujercitasmagazine.cl\/wp-content\/uploads\/2026\/04\/IMG_2308-573x685.jpeg",573,685,true],"vilva-slider-one":["https:\/\/mujercitasmagazine.cl\/wp-content\/uploads\/2026\/04\/IMG_2308-1220x600.jpeg",1220,600,true],"vilva-featured-four":["https:\/\/mujercitasmagazine.cl\/wp-content\/uploads\/2026\/04\/IMG_2308-800x530.jpeg",800,530,true],"vilva-blog":["https:\/\/mujercitasmagazine.cl\/wp-content\/uploads\/2026\/04\/IMG_2308-420x280.jpeg",420,280,true],"vilva-blog-one":["https:\/\/mujercitasmagazine.cl\/wp-content\/uploads\/2026\/04\/IMG_2308-900x500.jpeg",900,500,true],"vilva-sidebar":["https:\/\/mujercitasmagazine.cl\/wp-content\/uploads\/2026\/04\/IMG_2308-840x473.jpeg",840,473,true]},"uagb_author_info":{"display_name":"Mujercitas Magazine","author_link":"https:\/\/mujercitasmagazine.cl\/?author=1"},"uagb_comment_info":0,"uagb_excerpt":"Los hermosos parajes de Vi\u00f1a Koyle, ubicada en Los Lingues, se transformaron en el escenario ideal para dar el vamos oficial a una nueva edici\u00f3n &hellip;","_links":{"self":[{"href":"https:\/\/mujercitasmagazine.cl\/index.php?rest_route=\/wp\/v2\/posts\/441","targetHints":{"allow":["GET"]}}],"collection":[{"href":"https:\/\/mujercitasmagazine.cl\/index.php?rest_route=\/wp\/v2\/posts"}],"about":[{"href":"https:\/\/mujercitasmagazine.cl\/index.php?rest_route=\/wp\/v2\/types\/post"}],"author":[{"embeddable":true,"href":"https:\/\/mujercitasmagazine.cl\/index.php?rest_route=\/wp\/v2\/users\/1"}],"replies":[{"embeddable":true,"href":"https:\/\/mujercitasmagazine.cl\/index.php?rest_route=%2Fwp%2Fv2%2Fcomments&post=441"}],"version-history":[{"count":1,"href":"https:\/\/mujercitasmagazine.cl\/index.php?rest_route=\/wp\/v2\/posts\/441\/revisions"}],"predecessor-version":[{"id":443,"href":"https:\/\/mujercitasmagazine.cl\/index.php?rest_route=\/wp\/v2\/posts\/441\/revisions\/443"}],"wp:featuredmedia":[{"embeddable":true,"href":"https:\/\/mujercitasmagazine.cl\/index.php?rest_route=\/wp\/v2\/media\/442"}],"wp:attachment":[{"href":"https:\/\/mujercitasmagazine.cl\/index.php?rest_route=%2Fwp%2Fv2%2Fmedia&parent=441"}],"wp:term":[{"taxonomy":"category","embeddable":true,"href":"https:\/\/mujercitasmagazine.cl\/index.php?rest_route=%2Fwp%2Fv2%2Fcategories&post=441"},{"taxonomy":"post_tag","embeddable":true,"href":"https:\/\/mujercitasmagazine.cl\/index.php?rest_route=%2Fwp%2Fv2%2Ftags&post=441"}],"curies":[{"name":"wp","href":"https:\/\/api.w.org\/{rel}","templated":true}]}}