{"id":437,"date":"2026-04-20T15:26:11","date_gmt":"2026-04-20T15:26:11","guid":{"rendered":"https:\/\/mujercitasmagazine.cl\/?p=437"},"modified":"2026-04-20T15:26:37","modified_gmt":"2026-04-20T15:26:37","slug":"busca-el-regalo-perfecto-para-tu-mama-en-easton-outlet-mall","status":"publish","type":"post","link":"https:\/\/mujercitasmagazine.cl\/?p=437","title":{"rendered":"BUSCA EL REGALO PERFECTO PARA TU MAM\u00c1 EN EASTON OUTLET MALL\u00a0"},"content":{"rendered":"\n<p>Desde las 4 de&nbsp;Mayo&nbsp;pr\u00f3ximo y en un espacio de m\u00e1s de 2.000 metros cuadrados&nbsp;se instala&nbsp;<em>\u201c<\/em><em>La Gran Feria de la M<\/em><em>am\u00e1<\/em><em>\u201d<\/em>&nbsp;en&nbsp;el segundo piso de&nbsp;Easton&nbsp;Outlet&nbsp;Mall&nbsp;(ruta 5 norte, salida San Ignacio) en&nbsp;una muestra&nbsp;que es considerada una de&nbsp;las&nbsp;importante&nbsp;de la regi\u00f3n&nbsp;metropolitana&nbsp;para quienes buscan el regalo perfecto&nbsp;en esta \u00e9poca del a\u00f1o.&nbsp;<\/p>\n\n\n\n<p>\u201cNuestro compromiso es tener&nbsp;todas&nbsp;las opciones&nbsp;para el regalo perfecto&nbsp;este mes,&nbsp;desde&nbsp;perfumes, art\u00edculos deportivos, moda y experiencias de todo tipo. Siempre con&nbsp;las marcas m\u00e1s destacadas y&nbsp;descuentos de hasta 70% en comparaci\u00f3n al&nbsp;retail&nbsp;tradicional\u201d, nos cuenta Juan Carlos Gerard gerente comercial de este centro comercial.&nbsp;<\/p>\n\n\n\n<p>\u201cLa Gran feria de La Mam\u00e1\u201d contar\u00e1 con m\u00e1s de 100 expositores&nbsp;adem\u00e1s de&nbsp;charlas, m\u00fasica en vivo,&nbsp;cafeter\u00eda,&nbsp;sector para ni\u00f1os,&nbsp;clases y talleres gratuitos para visitantes adem\u00e1s de&nbsp;reconocimientos a mujeres destacadas&nbsp;por parte de la municipalidad de Quilicura y su alcaldesa Paulina Bobadilla; esto dentro de&nbsp;muchos&nbsp;otros&nbsp;atractivos.&nbsp;Se suma de esta forma a las m\u00e1s de&nbsp;150 marcas disponibles en&nbsp;Easton&nbsp;Outlet&nbsp;Mall,&nbsp;sumado a&nbsp;patio de comidas, zonas de descanso,&nbsp;wi&nbsp;fi, seguridad y estacionamiento liberado&nbsp;en el lugar.&nbsp;&nbsp;&nbsp;<\/p>\n\n\n\n<p>M\u00e1s informaci\u00f3n en&nbsp;<a href=\"http:\/\/www.eastonmallsantiago.cl\/\">www.eastonmallsantiago.cl<\/a><\/p>\n\n\n\n<p>Horario de 10:00 a 20:00 horas. De Lunes a Domingo.<\/p>\n","protected":false},"excerpt":{"rendered":"<p>Desde las 4 de&nbsp;Mayo&nbsp;pr\u00f3ximo y en un espacio de m\u00e1s de 2.000 metros cuadrados&nbsp;se instala&nbsp;\u201cLa Gran Feria de la Mam\u00e1\u201d&nbsp;en&nbsp;el segundo piso de&nbsp;Easton&nbsp;Outlet&nbsp;Mall&nbsp;(ruta 5 norte, &hellip; <\/p>\n","protected":false},"author":1,"featured_media":438,"comment_status":"open","ping_status":"open","sticky":false,"template":"","format":"standard","meta":{"_uag_custom_page_level_css":"","footnotes":""},"categories":[8,3],"tags":[],"class_list":["post-437","post","type-post","status-publish","format-standard","has-post-thumbnail","hentry","category-datos-y-tips","category-moda"],"uagb_featured_image_src":{"full":["https:\/\/mujercitasmagazine.cl\/wp-content\/uploads\/2026\/04\/IMG_2306.jpeg",1600,1030,false],"thumbnail":["https:\/\/mujercitasmagazine.cl\/wp-content\/uploads\/2026\/04\/IMG_2306-150x150.jpeg",150,150,true],"medium":["https:\/\/mujercitasmagazine.cl\/wp-content\/uploads\/2026\/04\/IMG_2306-300x193.jpeg",300,193,true],"medium_large":["https:\/\/mujercitasmagazine.cl\/wp-content\/uploads\/2026\/04\/IMG_2306-768x494.jpeg",768,494,true],"large":["https:\/\/mujercitasmagazine.cl\/wp-content\/uploads\/2026\/04\/IMG_2306-1024x659.jpeg",840,541,true],"1536x1536":["https:\/\/mujercitasmagazine.cl\/wp-content\/uploads\/2026\/04\/IMG_2306-1536x989.jpeg",1536,989,true],"2048x2048":["https:\/\/mujercitasmagazine.cl\/wp-content\/uploads\/2026\/04\/IMG_2306.jpeg",1600,1030,false],"hello-fashion-slider":["https:\/\/mujercitasmagazine.cl\/wp-content\/uploads\/2026\/04\/IMG_2306-480x600.jpeg",480,600,true],"hello-fashion-blog-three":["https:\/\/mujercitasmagazine.cl\/wp-content\/uploads\/2026\/04\/IMG_2306-420x502.jpeg",420,502,true],"hello-fashion-blog-four":["https:\/\/mujercitasmagazine.cl\/wp-content\/uploads\/2026\/04\/IMG_2306-573x685.jpeg",573,685,true],"vilva-slider-one":["https:\/\/mujercitasmagazine.cl\/wp-content\/uploads\/2026\/04\/IMG_2306-1220x600.jpeg",1220,600,true],"vilva-featured-four":["https:\/\/mujercitasmagazine.cl\/wp-content\/uploads\/2026\/04\/IMG_2306-800x530.jpeg",800,530,true],"vilva-blog":["https:\/\/mujercitasmagazine.cl\/wp-content\/uploads\/2026\/04\/IMG_2306-420x280.jpeg",420,280,true],"vilva-blog-one":["https:\/\/mujercitasmagazine.cl\/wp-content\/uploads\/2026\/04\/IMG_2306-900x500.jpeg",900,500,true],"vilva-sidebar":["https:\/\/mujercitasmagazine.cl\/wp-content\/uploads\/2026\/04\/IMG_2306-840x473.jpeg",840,473,true]},"uagb_author_info":{"display_name":"Mujercitas Magazine","author_link":"https:\/\/mujercitasmagazine.cl\/?author=1"},"uagb_comment_info":0,"uagb_excerpt":"Desde las 4 de&nbsp;Mayo&nbsp;pr\u00f3ximo y en un espacio de m\u00e1s de 2.000 metros cuadrados&nbsp;se instala&nbsp;\u201cLa Gran Feria de la Mam\u00e1\u201d&nbsp;en&nbsp;el segundo piso de&nbsp;Easton&nbsp;Outlet&nbsp;Mall&nbsp;(ruta 5 norte, &hellip;","_links":{"self":[{"href":"https:\/\/mujercitasmagazine.cl\/index.php?rest_route=\/wp\/v2\/posts\/437","targetHints":{"allow":["GET"]}}],"collection":[{"href":"https:\/\/mujercitasmagazine.cl\/index.php?rest_route=\/wp\/v2\/posts"}],"about":[{"href":"https:\/\/mujercitasmagazine.cl\/index.php?rest_route=\/wp\/v2\/types\/post"}],"author":[{"embeddable":true,"href":"https:\/\/mujercitasmagazine.cl\/index.php?rest_route=\/wp\/v2\/users\/1"}],"replies":[{"embeddable":true,"href":"https:\/\/mujercitasmagazine.cl\/index.php?rest_route=%2Fwp%2Fv2%2Fcomments&post=437"}],"version-history":[{"count":1,"href":"https:\/\/mujercitasmagazine.cl\/index.php?rest_route=\/wp\/v2\/posts\/437\/revisions"}],"predecessor-version":[{"id":439,"href":"https:\/\/mujercitasmagazine.cl\/index.php?rest_route=\/wp\/v2\/posts\/437\/revisions\/439"}],"wp:featuredmedia":[{"embeddable":true,"href":"https:\/\/mujercitasmagazine.cl\/index.php?rest_route=\/wp\/v2\/media\/438"}],"wp:attachment":[{"href":"https:\/\/mujercitasmagazine.cl\/index.php?rest_route=%2Fwp%2Fv2%2Fmedia&parent=437"}],"wp:term":[{"taxonomy":"category","embeddable":true,"href":"https:\/\/mujercitasmagazine.cl\/index.php?rest_route=%2Fwp%2Fv2%2Fcategories&post=437"},{"taxonomy":"post_tag","embeddable":true,"href":"https:\/\/mujercitasmagazine.cl\/index.php?rest_route=%2Fwp%2Fv2%2Ftags&post=437"}],"curies":[{"name":"wp","href":"https:\/\/api.w.org\/{rel}","templated":true}]}}