{"id":408,"date":"2026-03-12T12:01:49","date_gmt":"2026-03-12T12:01:49","guid":{"rendered":"https:\/\/mujercitasmagazine.cl\/?p=408"},"modified":"2026-03-12T12:02:08","modified_gmt":"2026-03-12T12:02:08","slug":"seminario-aborda-los-principales-desafios-post-cancer-en-mujeres","status":"publish","type":"post","link":"https:\/\/mujercitasmagazine.cl\/?p=408","title":{"rendered":"Seminario aborda los principales desaf\u00edos post c\u00e1ncer en mujeres"},"content":{"rendered":"\n<p><em>Este s\u00e1bado 14 de marzo se realizar\u00e1 el seminario &#8216;M\u00e1s all\u00e1 del tratamiento: Herramientas para volver a volar\u00bb que organiza Fundaci\u00f3n Corredora por la Vida y que busca ayudar a enfrentar mejor esta etapa.<\/em><\/p>\n\n\n\n<p>Salud mental, f\u00edsica y sexualidad post-c\u00e1ncer son los temas que se abordar\u00e1n en Seminario: &#8216;M\u00e1s all\u00e1 del tratamiento: Herramientas para volver a volar&#8217; que se realiza este s\u00e1bado 14 de marzo en Hotel W Santiago.<\/p>\n\n\n\n<p>Durante el encuentro tres profesionales profundizar\u00e1n en temas de gran impacto en la vida de las pacientes pero de los que poco se habla, estos son:<\/p>\n\n\n\n<p><strong>Chemiobrain<\/strong>:&nbsp;<strong>La neblina mental que nadie espera<\/strong>&nbsp;y que est\u00e1 a cargo de la psiquiatra Mar\u00eda Ignacia Ortega. Durante su exposici\u00f3n hablar\u00e1 sobre el impacto que puede tener en el cerebro, &nbsp;a nivel de la memoria por ejemplo, &nbsp;un tratamiento como la quimioterapia.<\/p>\n\n\n\n<p><strong>El cuerpo despu\u00e9s del c\u00e1ncer: s\u00edntomas menop\u00e1usicos, una necesidad no reconocida<\/strong>. Esta tem\u00e1tica ser\u00e1 abordada por la ginec\u00f3loga mast\u00f3loga Karen Junemann.<\/p>\n\n\n\n<p><strong>La sexualidad despu\u00e9s del c\u00e1ncer: Reconectando con el placer y el cuerpo<\/strong>. La psic\u00f3loga cl\u00ednica y sex\u00f3loga Camila Maul\u00e9n &nbsp;profundizar\u00e1 en el desaf\u00edo que enfrentan las mujeres y sus parejas luego de una experiencia como el c\u00e1ncer y sus huellas f\u00edsicas.<\/p>\n\n\n\n<p>La actividad es la primera de este tipo que organiza la fundaci\u00f3n Corredora por la vida que ya desde hace dos a\u00f1os entrega en forma gratuita el programa You Can Fly &nbsp;el que est\u00e1 dirigido a mujeres que han padecido o atraviesan esta enfermedad. Estos encuentros buscan entregar herramientas pr\u00e1cticas a trav\u00e9s de charlas, ejercicios personalizados y nutrici\u00f3n adem\u00e1s de ser un lugar de acompa\u00f1amiento y apoyo.<\/p>\n\n\n\n<p><strong>Coordenadas Seminario&nbsp;<\/strong><\/p>\n\n\n\n<p>Fecha: s\u00e1bado 14 de marzo<\/p>\n\n\n\n<p>Hora: De 9 a 13 h<\/p>\n\n\n\n<p>Lugar: Hotel W Santiago, Isidora Goyenechea 3000, Las Condes. Metro El Golf.<\/p>\n\n\n\n<p>Valor: T\u00fa eliges tu aporte que puede ser entre entre $27.000 y $97.000<\/p>\n\n\n\n<p>Inscripciones: &nbsp;en Instagram @corredoraporlavida o link<\/p>\n\n\n\n<figure class=\"wp-block-embed\"><div class=\"wp-block-embed__wrapper\">\nhttps:\/\/forms.gle\/ucFmgyscHaoe68wk9\n<\/div><\/figure>\n","protected":false},"excerpt":{"rendered":"<p>Este s\u00e1bado 14 de marzo se realizar\u00e1 el seminario &#8216;M\u00e1s all\u00e1 del tratamiento: Herramientas para volver a volar\u00bb que organiza Fundaci\u00f3n Corredora por la Vida &hellip; <\/p>\n","protected":false},"author":1,"featured_media":409,"comment_status":"open","ping_status":"open","sticky":false,"template":"","format":"standard","meta":{"_uag_custom_page_level_css":"","footnotes":""},"categories":[2],"tags":[],"class_list":["post-408","post","type-post","status-publish","format-standard","has-post-thumbnail","hentry","category-eventos"],"uagb_featured_image_src":{"full":["https:\/\/mujercitasmagazine.cl\/wp-content\/uploads\/2026\/03\/IMG_2029.jpeg",720,1280,false],"thumbnail":["https:\/\/mujercitasmagazine.cl\/wp-content\/uploads\/2026\/03\/IMG_2029-150x150.jpeg",150,150,true],"medium":["https:\/\/mujercitasmagazine.cl\/wp-content\/uploads\/2026\/03\/IMG_2029-169x300.jpeg",169,300,true],"medium_large":["https:\/\/mujercitasmagazine.cl\/wp-content\/uploads\/2026\/03\/IMG_2029.jpeg",720,1280,false],"large":["https:\/\/mujercitasmagazine.cl\/wp-content\/uploads\/2026\/03\/IMG_2029-576x1024.jpeg",576,1024,true],"1536x1536":["https:\/\/mujercitasmagazine.cl\/wp-content\/uploads\/2026\/03\/IMG_2029.jpeg",720,1280,false],"2048x2048":["https:\/\/mujercitasmagazine.cl\/wp-content\/uploads\/2026\/03\/IMG_2029.jpeg",720,1280,false],"hello-fashion-slider":["https:\/\/mujercitasmagazine.cl\/wp-content\/uploads\/2026\/03\/IMG_2029-480x600.jpeg",480,600,true],"hello-fashion-blog-three":["https:\/\/mujercitasmagazine.cl\/wp-content\/uploads\/2026\/03\/IMG_2029-420x502.jpeg",420,502,true],"hello-fashion-blog-four":["https:\/\/mujercitasmagazine.cl\/wp-content\/uploads\/2026\/03\/IMG_2029-573x685.jpeg",573,685,true],"vilva-slider-one":["https:\/\/mujercitasmagazine.cl\/wp-content\/uploads\/2026\/03\/IMG_2029-720x600.jpeg",720,600,true],"vilva-featured-four":["https:\/\/mujercitasmagazine.cl\/wp-content\/uploads\/2026\/03\/IMG_2029-720x530.jpeg",720,530,true],"vilva-blog":["https:\/\/mujercitasmagazine.cl\/wp-content\/uploads\/2026\/03\/IMG_2029-420x280.jpeg",420,280,true],"vilva-blog-one":["https:\/\/mujercitasmagazine.cl\/wp-content\/uploads\/2026\/03\/IMG_2029-720x500.jpeg",720,500,true],"vilva-sidebar":["https:\/\/mujercitasmagazine.cl\/wp-content\/uploads\/2026\/03\/IMG_2029-720x473.jpeg",720,473,true]},"uagb_author_info":{"display_name":"Mujercitas Magazine","author_link":"https:\/\/mujercitasmagazine.cl\/?author=1"},"uagb_comment_info":0,"uagb_excerpt":"Este s\u00e1bado 14 de marzo se realizar\u00e1 el seminario &#8216;M\u00e1s all\u00e1 del tratamiento: Herramientas para volver a volar\u00bb que organiza Fundaci\u00f3n Corredora por la Vida &hellip;","_links":{"self":[{"href":"https:\/\/mujercitasmagazine.cl\/index.php?rest_route=\/wp\/v2\/posts\/408","targetHints":{"allow":["GET"]}}],"collection":[{"href":"https:\/\/mujercitasmagazine.cl\/index.php?rest_route=\/wp\/v2\/posts"}],"about":[{"href":"https:\/\/mujercitasmagazine.cl\/index.php?rest_route=\/wp\/v2\/types\/post"}],"author":[{"embeddable":true,"href":"https:\/\/mujercitasmagazine.cl\/index.php?rest_route=\/wp\/v2\/users\/1"}],"replies":[{"embeddable":true,"href":"https:\/\/mujercitasmagazine.cl\/index.php?rest_route=%2Fwp%2Fv2%2Fcomments&post=408"}],"version-history":[{"count":1,"href":"https:\/\/mujercitasmagazine.cl\/index.php?rest_route=\/wp\/v2\/posts\/408\/revisions"}],"predecessor-version":[{"id":410,"href":"https:\/\/mujercitasmagazine.cl\/index.php?rest_route=\/wp\/v2\/posts\/408\/revisions\/410"}],"wp:featuredmedia":[{"embeddable":true,"href":"https:\/\/mujercitasmagazine.cl\/index.php?rest_route=\/wp\/v2\/media\/409"}],"wp:attachment":[{"href":"https:\/\/mujercitasmagazine.cl\/index.php?rest_route=%2Fwp%2Fv2%2Fmedia&parent=408"}],"wp:term":[{"taxonomy":"category","embeddable":true,"href":"https:\/\/mujercitasmagazine.cl\/index.php?rest_route=%2Fwp%2Fv2%2Fcategories&post=408"},{"taxonomy":"post_tag","embeddable":true,"href":"https:\/\/mujercitasmagazine.cl\/index.php?rest_route=%2Fwp%2Fv2%2Ftags&post=408"}],"curies":[{"name":"wp","href":"https:\/\/api.w.org\/{rel}","templated":true}]}}