{"id":402,"date":"2026-03-11T18:46:22","date_gmt":"2026-03-11T18:46:22","guid":{"rendered":"https:\/\/mujercitasmagazine.cl\/?p=402"},"modified":"2026-03-11T18:46:51","modified_gmt":"2026-03-11T18:46:51","slug":"ducray-lanza-en-chile-el-champu-anticaspa-no1-en-el-mundo","status":"publish","type":"post","link":"https:\/\/mujercitasmagazine.cl\/?p=402","title":{"rendered":"Ducray lanza en Chile el champ\u00fa anticaspa N\u00ba1 en el mundo"},"content":{"rendered":"\n<p><\/p>\n\n\n\n<p><em>La salud del cuero cabelludo se posiciona cada vez m\u00e1s como un pilar del cuidado&nbsp;<\/em><em>integral en nuestras rutinas de&nbsp;<\/em><em>skincare<\/em><em>&nbsp;y en&nbsp;<\/em><em>es<\/em><em>t<\/em><em>e contexto, el laboratorio dermatol\u00f3gico franc\u00e9s&nbsp;<\/em><em>Ducray<\/em><em>&nbsp;introduce&nbsp;<\/em><em>su eficaz<\/em><em>&nbsp;tratamiento anticaspa<\/em><em>&nbsp;de \u00faltima generaci\u00f3n<\/em><em>.<\/em><\/p>\n\n\n\n<p>La caspa severa y la dermatitis seborreica del cuero cabelludo son condiciones cr\u00f3nicas frecuentes, caracterizadas por descamaci\u00f3n persistente, picaz\u00f3n y enrojecimiento, que impactan directamente en la calidad de vida. Su origen es multifactorial, asociado al desequilibrio del microbioma cut\u00e1neo y a la proliferaci\u00f3n excesiva de&nbsp;<em>Malassezia<\/em>, junto con inflamaci\u00f3n y exceso de sebo.<\/p>\n\n\n\n<p>KELUAL DS Champ\u00fa Intensive&nbsp;ha sido formulado para actuar r\u00e1pidamente sobre los signos visibles durante las fases de brote, ayudando a:<\/p>\n\n\n\n<p>\u2022&nbsp;Reducir visiblemente la caspa severa.<\/p>\n\n\n\n<p>\u2022&nbsp;Aliviar el picor y el enrojecimiento.<\/p>\n\n\n\n<p>\u2022&nbsp;Limitar la recurrencia.<\/p>\n\n\n\n<p>\u2022&nbsp;Aliviar la sensaci\u00f3n de ardor desde las primeras&nbsp;aplicaciones.<\/p>\n\n\n\n<p>Dermatol\u00f3gicamente probado, puede ser recomendado como tratamiento intensivo en episodios agudos y como parte del manejo integral del cuero cabelludo con tendencia a dermatitis seborreica.<\/p>\n\n\n\n<p><strong>Habla la ciencia<\/strong><\/p>\n\n\n\n<p>La dermatosis inflamatoria cr\u00f3nica afecta entre un 3% y 5% de la poblaci\u00f3n general. Se caracteriza por descamaci\u00f3n persistente, prurito y eritema, asociados a un mecanismo multifactorial donde intervienen la&nbsp;hiperseborrea, la proliferaci\u00f3n excesiva de la levadura&nbsp;<em>Malassezia<\/em>&nbsp;y una respuesta inflamatoria exacerbada del hu\u00e9sped.<\/p>\n\n\n\n<p>KELUAL DS Champ\u00fa Intensivo combina activos dermatol\u00f3gicos que act\u00faan sobre las principales causas de la dermatitis seborreica. Su f\u00f3rmula incorpora&nbsp;<strong>ciclopiroxolamina<\/strong>,&nbsp;<strong>piroctona<\/strong><strong>&nbsp;<\/strong><strong>olamina<\/strong>&nbsp;y&nbsp;<strong>Keluamid<\/strong><strong>\u00ae<\/strong>, que ayudan a reducir la descamaci\u00f3n, eliminar las escamas adherentes y mejorar la tolerancia del cuero cabelludo.<\/p>\n\n\n\n<p>Adem\u00e1s,&nbsp;KELUAL DS Intensive&nbsp;integra el complejo&nbsp;<strong>O<\/strong><strong>xycalm<\/strong><strong>,&nbsp;<\/strong>una&nbsp;tecnolog\u00eda exclusiva de Laboratorios Pierre Fabre,&nbsp;que&nbsp;ayuda a&nbsp;calmar r\u00e1pidamente la irritaci\u00f3n y el picor del cuero&nbsp;cabelludo;<strong>&nbsp;<\/strong>reduce la inflamaci\u00f3n desde las primeras aplicaciones y combina la<strong>&nbsp;<\/strong>acci\u00f3n antif\u00fangica con un efecto calmante inmediato<strong>.<\/strong><\/p>\n\n\n\n<p>Dermatol\u00f3gicamente probado, puede integrarse como tratamiento intensivo durante los brotes y como parte de un esquema de mantenimiento&nbsp;bajo recomendaci\u00f3n profesional.<\/p>\n\n\n\n<p><strong>Disponibilidad:<\/strong>&nbsp;KELUAL DS Intensive&nbsp;ya disponible en&nbsp;las principales cadenas de&nbsp;farmacias y&nbsp;tiendas de&nbsp;e-commerce&nbsp;a nivel nacional.<\/p>\n","protected":false},"excerpt":{"rendered":"<p>La salud del cuero cabelludo se posiciona cada vez m\u00e1s como un pilar del cuidado&nbsp;integral en nuestras rutinas de&nbsp;skincare&nbsp;y en&nbsp;este contexto, el laboratorio dermatol\u00f3gico franc\u00e9s&nbsp;Ducray&nbsp;introduce&nbsp;su &hellip; <\/p>\n","protected":false},"author":1,"featured_media":403,"comment_status":"open","ping_status":"open","sticky":false,"template":"","format":"standard","meta":{"_uag_custom_page_level_css":"","footnotes":""},"categories":[4],"tags":[],"class_list":["post-402","post","type-post","status-publish","format-standard","has-post-thumbnail","hentry","category-belleza"],"uagb_featured_image_src":{"full":["https:\/\/mujercitasmagazine.cl\/wp-content\/uploads\/2026\/03\/IMG_2020.png",960,1200,false],"thumbnail":["https:\/\/mujercitasmagazine.cl\/wp-content\/uploads\/2026\/03\/IMG_2020-150x150.png",150,150,true],"medium":["https:\/\/mujercitasmagazine.cl\/wp-content\/uploads\/2026\/03\/IMG_2020-240x300.png",240,300,true],"medium_large":["https:\/\/mujercitasmagazine.cl\/wp-content\/uploads\/2026\/03\/IMG_2020-768x960.png",768,960,true],"large":["https:\/\/mujercitasmagazine.cl\/wp-content\/uploads\/2026\/03\/IMG_2020-819x1024.png",819,1024,true],"1536x1536":["https:\/\/mujercitasmagazine.cl\/wp-content\/uploads\/2026\/03\/IMG_2020.png",960,1200,false],"2048x2048":["https:\/\/mujercitasmagazine.cl\/wp-content\/uploads\/2026\/03\/IMG_2020.png",960,1200,false],"hello-fashion-slider":["https:\/\/mujercitasmagazine.cl\/wp-content\/uploads\/2026\/03\/IMG_2020-480x600.png",480,600,true],"hello-fashion-blog-three":["https:\/\/mujercitasmagazine.cl\/wp-content\/uploads\/2026\/03\/IMG_2020-420x502.png",420,502,true],"hello-fashion-blog-four":["https:\/\/mujercitasmagazine.cl\/wp-content\/uploads\/2026\/03\/IMG_2020-573x685.png",573,685,true],"vilva-slider-one":["https:\/\/mujercitasmagazine.cl\/wp-content\/uploads\/2026\/03\/IMG_2020-960x600.png",960,600,true],"vilva-featured-four":["https:\/\/mujercitasmagazine.cl\/wp-content\/uploads\/2026\/03\/IMG_2020-800x530.png",800,530,true],"vilva-blog":["https:\/\/mujercitasmagazine.cl\/wp-content\/uploads\/2026\/03\/IMG_2020-420x280.png",420,280,true],"vilva-blog-one":["https:\/\/mujercitasmagazine.cl\/wp-content\/uploads\/2026\/03\/IMG_2020-900x500.png",900,500,true],"vilva-sidebar":["https:\/\/mujercitasmagazine.cl\/wp-content\/uploads\/2026\/03\/IMG_2020-840x473.png",840,473,true]},"uagb_author_info":{"display_name":"Mujercitas Magazine","author_link":"https:\/\/mujercitasmagazine.cl\/?author=1"},"uagb_comment_info":0,"uagb_excerpt":"La salud del cuero cabelludo se posiciona cada vez m\u00e1s como un pilar del cuidado&nbsp;integral en nuestras rutinas de&nbsp;skincare&nbsp;y en&nbsp;este contexto, el laboratorio dermatol\u00f3gico franc\u00e9s&nbsp;Ducray&nbsp;introduce&nbsp;su &hellip;","_links":{"self":[{"href":"https:\/\/mujercitasmagazine.cl\/index.php?rest_route=\/wp\/v2\/posts\/402","targetHints":{"allow":["GET"]}}],"collection":[{"href":"https:\/\/mujercitasmagazine.cl\/index.php?rest_route=\/wp\/v2\/posts"}],"about":[{"href":"https:\/\/mujercitasmagazine.cl\/index.php?rest_route=\/wp\/v2\/types\/post"}],"author":[{"embeddable":true,"href":"https:\/\/mujercitasmagazine.cl\/index.php?rest_route=\/wp\/v2\/users\/1"}],"replies":[{"embeddable":true,"href":"https:\/\/mujercitasmagazine.cl\/index.php?rest_route=%2Fwp%2Fv2%2Fcomments&post=402"}],"version-history":[{"count":1,"href":"https:\/\/mujercitasmagazine.cl\/index.php?rest_route=\/wp\/v2\/posts\/402\/revisions"}],"predecessor-version":[{"id":404,"href":"https:\/\/mujercitasmagazine.cl\/index.php?rest_route=\/wp\/v2\/posts\/402\/revisions\/404"}],"wp:featuredmedia":[{"embeddable":true,"href":"https:\/\/mujercitasmagazine.cl\/index.php?rest_route=\/wp\/v2\/media\/403"}],"wp:attachment":[{"href":"https:\/\/mujercitasmagazine.cl\/index.php?rest_route=%2Fwp%2Fv2%2Fmedia&parent=402"}],"wp:term":[{"taxonomy":"category","embeddable":true,"href":"https:\/\/mujercitasmagazine.cl\/index.php?rest_route=%2Fwp%2Fv2%2Fcategories&post=402"},{"taxonomy":"post_tag","embeddable":true,"href":"https:\/\/mujercitasmagazine.cl\/index.php?rest_route=%2Fwp%2Fv2%2Ftags&post=402"}],"curies":[{"name":"wp","href":"https:\/\/api.w.org\/{rel}","templated":true}]}}