{"id":326,"date":"2025-12-12T13:08:42","date_gmt":"2025-12-12T13:08:42","guid":{"rendered":"https:\/\/mujercitasmagazine.cl\/?p=326"},"modified":"2025-12-12T13:08:58","modified_gmt":"2025-12-12T13:08:58","slug":"el-reconocimiento-como-motor-laboral-periodistas-y-comunicadoras-participaron-en-un-taller-que-redefine-la-cultura-del-trabajo-desde-la-valoracion-humana","status":"publish","type":"post","link":"https:\/\/mujercitasmagazine.cl\/?p=326","title":{"rendered":"EL RECONOCIMIENTO COMO MOTOR LABORAL: PERIODISTAS Y COMUNICADORAS PARTICIPARON EN UN TALLER QUE REDEFINE LA CULTURA DEL TRABAJO DESDE LA VALORACI\u00d3N HUMANA"},"content":{"rendered":"\n<p>Periodistas y creadoras de contenido participaron en una jornada in\u00e9dita dedicada a un tema que hoy concentra la atenci\u00f3n de las \u00e1reas de Personas en todo el mundo: c\u00f3mo el reconocimiento cotidiano impacta en el bienestar, la retenci\u00f3n de talento y los resultados de una organizaci\u00f3n. El encuentro fue liderado por&nbsp;<strong>Paulina Guti\u00e9rrez<\/strong>, comunicadora,&nbsp;<strong>Chief Happiness Officer<\/strong>&nbsp;y fundadora de&nbsp;<strong>Somos Reconoce<\/strong>, empresa chilena pionera en reconocimiento corporativo.<\/p>\n\n\n\n<p>El taller \u2014realizado en&nbsp;<strong>Quinoa Restaurant<\/strong>\u2014 combin\u00f3 evidencia, conversaci\u00f3n y pr\u00e1ctica para abordar un problema creciente en las empresas: la desconexi\u00f3n emocional entre equipos y l\u00edderes. Guti\u00e9rrez, cuya trayectoria supera una d\u00e9cada en el \u00e1mbito del reconocimiento y la experiencia del colaborador, plante\u00f3 una idea central:<em>&nbsp;\u201cReforzar lo que se hace bien es m\u00e1s movilizador que la amenaza de un castigo. El reconocimiento no es cosm\u00e9tico: es estrat\u00e9gico\u201d.<\/em><\/p>\n\n\n\n<p>Los datos lo respaldan. Seg\u00fan un estudio de la&nbsp;<strong>Universidad de los Andes (2024)<\/strong>, un&nbsp;<strong>33% de los trabajadores chilenos no se siente valorado<\/strong>, mientras que cifras de&nbsp;<strong>Gallup (2022\u20132023)<\/strong>&nbsp;muestran que&nbsp;<strong>69% de las personas trabajar\u00eda m\u00e1s si sintiera reconocimiento real<\/strong>. Las organizaciones con culturas de reconocimiento sistem\u00e1tico obtienen&nbsp;<strong>21% m\u00e1s rentabilidad<\/strong>&nbsp;y reducen su&nbsp;<strong>rotaci\u00f3n voluntaria en 31%<\/strong>, reforzando la relaci\u00f3n directa entre bienestar y desempe\u00f1o.<\/p>\n\n\n\n<p>A lo largo del taller, las asistentes reflexionaron sobre c\u00f3mo se vinculan con sus equipos, qu\u00e9 comportamientos reconocen y cu\u00e1les pasan inadvertidos. Tambi\u00e9n exploraron herramientas concretas \u2014como el m\u00e9todo&nbsp;<strong>Reconocimiento 3D<\/strong>&nbsp;y el \u201c<strong>Minuto de Oro<\/strong>\u201d\u2014 que permiten instalar el reconocimiento como h\u00e1bito y no como una acci\u00f3n eventual. Uno de los momentos m\u00e1s significativos se produjo al cierre, cuando cada participante comparti\u00f3 qu\u00e9 se llevaba de la experiencia. La mayor\u00eda coincidi\u00f3 en un mismo hallazgo:&nbsp;<strong>\u201creconocer al otro es tambi\u00e9n reconocerse\u201d<\/strong>. Paulina Guti\u00e9rrez se\u00f1al\u00f3: \u201cSiete de cada diez personas eligen o dejan una empresa seg\u00fan c\u00f3mo las hacen sentir. Las organizaciones que comprendan esto no solo atraer\u00e1n talento: lo retendr\u00e1n desde un lugar m\u00e1s humano y coherente\u201d.<\/p>\n\n\n\n<p>Con m\u00e1s de&nbsp;<strong>15.000 experiencias de reconocimiento<\/strong>&nbsp;implementadas en empresas y organizaciones de todo el pa\u00eds,&nbsp;<strong>Somos Reconoce<\/strong>&nbsp;ha instalado una convicci\u00f3n que el mercado laboral confirma d\u00eda a d\u00eda:&nbsp;<strong>humanizar el trabajo no es un lujo, es una urgencia<\/strong>. Las nuevas generaciones no est\u00e1n dispuestas a permanecer en ambientes donde la valoraci\u00f3n es escasa o inexistente.<\/p>\n\n\n\n<p><strong>El taller concluy\u00f3 con una invitaci\u00f3n a la acci\u00f3n:&nbsp;<\/strong>reconocer hoy mismo a una persona del equipo y revisar pol\u00edticas internas para que el reconocimiento deje de depender del \u201cevento anual\u201d y se convierta en parte de la cultura cotidiana.<\/p>\n\n\n\n<p><strong>M\u00e1s informaci\u00f3n y contenido en @somosreconoce_com.<\/strong><\/p>\n","protected":false},"excerpt":{"rendered":"<p>Periodistas y creadoras de contenido participaron en una jornada in\u00e9dita dedicada a un tema que hoy concentra la atenci\u00f3n de las \u00e1reas de Personas en &hellip; <\/p>\n","protected":false},"author":1,"featured_media":327,"comment_status":"open","ping_status":"open","sticky":false,"template":"","format":"standard","meta":{"_uag_custom_page_level_css":"","footnotes":""},"categories":[2],"tags":[],"class_list":["post-326","post","type-post","status-publish","format-standard","has-post-thumbnail","hentry","category-eventos"],"uagb_featured_image_src":{"full":["https:\/\/mujercitasmagazine.cl\/wp-content\/uploads\/2025\/12\/IMG_1821-scaled.jpeg",1707,2560,false],"thumbnail":["https:\/\/mujercitasmagazine.cl\/wp-content\/uploads\/2025\/12\/IMG_1821-150x150.jpeg",150,150,true],"medium":["https:\/\/mujercitasmagazine.cl\/wp-content\/uploads\/2025\/12\/IMG_1821-200x300.jpeg",200,300,true],"medium_large":["https:\/\/mujercitasmagazine.cl\/wp-content\/uploads\/2025\/12\/IMG_1821-768x1152.jpeg",768,1152,true],"large":["https:\/\/mujercitasmagazine.cl\/wp-content\/uploads\/2025\/12\/IMG_1821-683x1024.jpeg",683,1024,true],"1536x1536":["https:\/\/mujercitasmagazine.cl\/wp-content\/uploads\/2025\/12\/IMG_1821-1024x1536.jpeg",1024,1536,true],"2048x2048":["https:\/\/mujercitasmagazine.cl\/wp-content\/uploads\/2025\/12\/IMG_1821-1365x2048.jpeg",1365,2048,true],"hello-fashion-slider":["https:\/\/mujercitasmagazine.cl\/wp-content\/uploads\/2025\/12\/IMG_1821-480x600.jpeg",480,600,true],"hello-fashion-blog-three":["https:\/\/mujercitasmagazine.cl\/wp-content\/uploads\/2025\/12\/IMG_1821-420x502.jpeg",420,502,true],"hello-fashion-blog-four":["https:\/\/mujercitasmagazine.cl\/wp-content\/uploads\/2025\/12\/IMG_1821-573x685.jpeg",573,685,true],"vilva-slider-one":["https:\/\/mujercitasmagazine.cl\/wp-content\/uploads\/2025\/12\/IMG_1821-1220x600.jpeg",1220,600,true],"vilva-featured-four":["https:\/\/mujercitasmagazine.cl\/wp-content\/uploads\/2025\/12\/IMG_1821-800x530.jpeg",800,530,true],"vilva-blog":["https:\/\/mujercitasmagazine.cl\/wp-content\/uploads\/2025\/12\/IMG_1821-420x280.jpeg",420,280,true],"vilva-blog-one":["https:\/\/mujercitasmagazine.cl\/wp-content\/uploads\/2025\/12\/IMG_1821-900x500.jpeg",900,500,true],"vilva-sidebar":["https:\/\/mujercitasmagazine.cl\/wp-content\/uploads\/2025\/12\/IMG_1821-840x473.jpeg",840,473,true]},"uagb_author_info":{"display_name":"Mujercitas Magazine","author_link":"https:\/\/mujercitasmagazine.cl\/?author=1"},"uagb_comment_info":0,"uagb_excerpt":"Periodistas y creadoras de contenido participaron en una jornada in\u00e9dita dedicada a un tema que hoy concentra la atenci\u00f3n de las \u00e1reas de Personas en &hellip;","_links":{"self":[{"href":"https:\/\/mujercitasmagazine.cl\/index.php?rest_route=\/wp\/v2\/posts\/326","targetHints":{"allow":["GET"]}}],"collection":[{"href":"https:\/\/mujercitasmagazine.cl\/index.php?rest_route=\/wp\/v2\/posts"}],"about":[{"href":"https:\/\/mujercitasmagazine.cl\/index.php?rest_route=\/wp\/v2\/types\/post"}],"author":[{"embeddable":true,"href":"https:\/\/mujercitasmagazine.cl\/index.php?rest_route=\/wp\/v2\/users\/1"}],"replies":[{"embeddable":true,"href":"https:\/\/mujercitasmagazine.cl\/index.php?rest_route=%2Fwp%2Fv2%2Fcomments&post=326"}],"version-history":[{"count":1,"href":"https:\/\/mujercitasmagazine.cl\/index.php?rest_route=\/wp\/v2\/posts\/326\/revisions"}],"predecessor-version":[{"id":328,"href":"https:\/\/mujercitasmagazine.cl\/index.php?rest_route=\/wp\/v2\/posts\/326\/revisions\/328"}],"wp:featuredmedia":[{"embeddable":true,"href":"https:\/\/mujercitasmagazine.cl\/index.php?rest_route=\/wp\/v2\/media\/327"}],"wp:attachment":[{"href":"https:\/\/mujercitasmagazine.cl\/index.php?rest_route=%2Fwp%2Fv2%2Fmedia&parent=326"}],"wp:term":[{"taxonomy":"category","embeddable":true,"href":"https:\/\/mujercitasmagazine.cl\/index.php?rest_route=%2Fwp%2Fv2%2Fcategories&post=326"},{"taxonomy":"post_tag","embeddable":true,"href":"https:\/\/mujercitasmagazine.cl\/index.php?rest_route=%2Fwp%2Fv2%2Ftags&post=326"}],"curies":[{"name":"wp","href":"https:\/\/api.w.org\/{rel}","templated":true}]}}