{"id":317,"date":"2025-12-04T11:14:01","date_gmt":"2025-12-04T11:14:01","guid":{"rendered":"https:\/\/mujercitasmagazine.cl\/?p=317"},"modified":"2025-12-04T11:14:33","modified_gmt":"2025-12-04T11:14:33","slug":"sleve-y-nico-ruiz-unen-fuerzas-para-redefinir-la-experiencia-sonora-parlantes-que-conectan-musica-emocion-y-presencia","status":"publish","type":"post","link":"https:\/\/mujercitasmagazine.cl\/?p=317","title":{"rendered":"Sleve y Nico Ruiz unen fuerzas para redefinir la experiencia sonora: parlantes que conectan m\u00fasica, emoci\u00f3n y presencia"},"content":{"rendered":"\n<p><strong>Santiago, Chile-.<\/strong>&nbsp;\u2013 El 17 de noviembre, Sleve llegar\u00e1 a Falabella con una propuesta diferente para quienes buscan m\u00e1s que solo calidad de sonido: una manera de conectar, de compartir y de vivir la m\u00fasica de una forma nueva.<\/p>\n\n\n\n<p>En un mundo donde estamos constantemente conectados, pero a veces alejados, Sleve lanza una l\u00ednea de parlantes que buscan traer la magia de la m\u00fasica a nuestras interacciones cotidianas. Estos parlantes, disponibles en cuatro colores, no solo llenan un espacio con sonido, sino que permiten algo \u00fanico: conectar entre s\u00ed y amplificar la experiencia, creando una red sonora que crece en intensidad a medida que se suman m\u00e1s dispositivos.<\/p>\n\n\n\n<p>Lo interesante de esta propuesta no es solo la calidad del audio, sino lo que representa: la posibilidad de compartir m\u00e1s que m\u00fasica, sino momentos, sensaciones, incluso de estar m\u00e1s cerca de quienes nos rodean, sin importar lo que pase fuera de ese espacio.<\/p>\n\n\n\n<p>Imagina poder llenar tu casa con el mismo ritmo, compartir una playlist con amigos de una manera m\u00e1s org\u00e1nica, sin cables ni complicaciones. Solo conectas un parlante, luego otro, y lo que empieza como algo peque\u00f1o, pronto se convierte en una explosi\u00f3n de sonido que te rodea, te conecta y te hace sentir parte de algo m\u00e1s grande.<\/p>\n\n\n\n<p>Porque, al final, la m\u00fasica es m\u00e1s que solo escuchar. Es una forma de estar presentes, de compartir lo que nos gusta, de hacer que cada momento sea m\u00e1s intenso. Y en un tiempo donde estamos m\u00e1s conectados digitalmente, Sleve quiere recordarnos que la conexi\u00f3n verdadera tambi\u00e9n est\u00e1 en lo f\u00edsico, en lo tangible, en lo que compartimos a trav\u00e9s de los sentidos.<\/p>\n\n\n\n<p>En esta b\u00fasqueda por reconectar, Sleve se enorgullece de presentarse junto a Nico Ruiz \u2014 cantante chileno emergente que ha demostrado que la m\u00fasica puede trascender fronteras. Originario de Concepci\u00f3n, Nico comenz\u00f3 su trayectoria participando en programas como The Voice Chile y Got Talent Chile, y ha ido escalando hacia una proyecci\u00f3n internacional.<a href=\"https:\/\/www.pudahuel.cl\/noticias\/2022\/07\/nicolas-ruiz-revelo-la-cancion-que-hubiera-presentado-en-the-voice-en-mi-zona-de-confort\/?utm_source=chatgpt.com\"><\/a><\/p>\n\n\n\n<p>Su m\u00e1s reciente sencillo \u201cInstinto Animal\u201d \u2014 fruto de colaboraciones con reconocidos productores latinos \u2014 muestra su madurez art\u00edstica, su compromiso con representar a Chile en el mundo y su apuesta por un sonido que combina tradici\u00f3n, emoci\u00f3n y presencia global.<a href=\"https:\/\/lametrofm.cl\/2025\/04\/nico-ruiz-estrena-instinto-animal-uno-de-sus-trabajos-mejor-guardados-previo-a-su-nueva-etapa-musical\/?utm_source=chatgpt.com\"><\/a><\/p>\n\n\n\n<p>La inclusi\u00f3n de Nico Ruiz en esta campa\u00f1a no es casualidad: su energ\u00eda, su v\u00ednculo con el p\u00fablico y su capacidad de transformar escenarios en momentos \u00edntimos encajan completamente con el esp\u00edritu de los parlantes Sleve. Juntos, proponen una experiencia donde la m\u00fasica no solo se oye, sino que&nbsp;<strong>se vive<\/strong>,&nbsp;<strong>se comparte<\/strong>&nbsp;y&nbsp;<strong>se conecta<\/strong>.<\/p>\n\n\n\n<p>A partir del&nbsp;<strong>17 de noviembre<\/strong>,&nbsp;<strong>solo en Falabella<\/strong>, estos parlantes no solo transformar\u00e1n tu espacio, sino que te invitar\u00e1n a reconectar con lo que realmente importa: la m\u00fasica, las personas y el momento compartido.<\/p>\n","protected":false},"excerpt":{"rendered":"<p>Santiago, Chile-.&nbsp;\u2013 El 17 de noviembre, Sleve llegar\u00e1 a Falabella con una propuesta diferente para quienes buscan m\u00e1s que solo calidad de sonido: una manera &hellip; <\/p>\n","protected":false},"author":1,"featured_media":318,"comment_status":"open","ping_status":"open","sticky":false,"template":"","format":"standard","meta":{"_uag_custom_page_level_css":"","footnotes":""},"categories":[13],"tags":[],"class_list":["post-317","post","type-post","status-publish","format-standard","has-post-thumbnail","hentry","category-tecnologia"],"uagb_featured_image_src":{"full":["https:\/\/mujercitasmagazine.cl\/wp-content\/uploads\/2025\/12\/IMG_1810.jpeg",1280,853,false],"thumbnail":["https:\/\/mujercitasmagazine.cl\/wp-content\/uploads\/2025\/12\/IMG_1810-150x150.jpeg",150,150,true],"medium":["https:\/\/mujercitasmagazine.cl\/wp-content\/uploads\/2025\/12\/IMG_1810-300x200.jpeg",300,200,true],"medium_large":["https:\/\/mujercitasmagazine.cl\/wp-content\/uploads\/2025\/12\/IMG_1810-768x512.jpeg",768,512,true],"large":["https:\/\/mujercitasmagazine.cl\/wp-content\/uploads\/2025\/12\/IMG_1810-1024x682.jpeg",840,559,true],"1536x1536":["https:\/\/mujercitasmagazine.cl\/wp-content\/uploads\/2025\/12\/IMG_1810.jpeg",1280,853,false],"2048x2048":["https:\/\/mujercitasmagazine.cl\/wp-content\/uploads\/2025\/12\/IMG_1810.jpeg",1280,853,false],"hello-fashion-slider":["https:\/\/mujercitasmagazine.cl\/wp-content\/uploads\/2025\/12\/IMG_1810-480x600.jpeg",480,600,true],"hello-fashion-blog-three":["https:\/\/mujercitasmagazine.cl\/wp-content\/uploads\/2025\/12\/IMG_1810-420x502.jpeg",420,502,true],"hello-fashion-blog-four":["https:\/\/mujercitasmagazine.cl\/wp-content\/uploads\/2025\/12\/IMG_1810-573x685.jpeg",573,685,true],"vilva-slider-one":["https:\/\/mujercitasmagazine.cl\/wp-content\/uploads\/2025\/12\/IMG_1810-1220x600.jpeg",1220,600,true],"vilva-featured-four":["https:\/\/mujercitasmagazine.cl\/wp-content\/uploads\/2025\/12\/IMG_1810-800x530.jpeg",800,530,true],"vilva-blog":["https:\/\/mujercitasmagazine.cl\/wp-content\/uploads\/2025\/12\/IMG_1810-420x280.jpeg",420,280,true],"vilva-blog-one":["https:\/\/mujercitasmagazine.cl\/wp-content\/uploads\/2025\/12\/IMG_1810-900x500.jpeg",900,500,true],"vilva-sidebar":["https:\/\/mujercitasmagazine.cl\/wp-content\/uploads\/2025\/12\/IMG_1810-840x473.jpeg",840,473,true]},"uagb_author_info":{"display_name":"Mujercitas Magazine","author_link":"https:\/\/mujercitasmagazine.cl\/?author=1"},"uagb_comment_info":0,"uagb_excerpt":"Santiago, Chile-.&nbsp;\u2013 El 17 de noviembre, Sleve llegar\u00e1 a Falabella con una propuesta diferente para quienes buscan m\u00e1s que solo calidad de sonido: una manera &hellip;","_links":{"self":[{"href":"https:\/\/mujercitasmagazine.cl\/index.php?rest_route=\/wp\/v2\/posts\/317","targetHints":{"allow":["GET"]}}],"collection":[{"href":"https:\/\/mujercitasmagazine.cl\/index.php?rest_route=\/wp\/v2\/posts"}],"about":[{"href":"https:\/\/mujercitasmagazine.cl\/index.php?rest_route=\/wp\/v2\/types\/post"}],"author":[{"embeddable":true,"href":"https:\/\/mujercitasmagazine.cl\/index.php?rest_route=\/wp\/v2\/users\/1"}],"replies":[{"embeddable":true,"href":"https:\/\/mujercitasmagazine.cl\/index.php?rest_route=%2Fwp%2Fv2%2Fcomments&post=317"}],"version-history":[{"count":1,"href":"https:\/\/mujercitasmagazine.cl\/index.php?rest_route=\/wp\/v2\/posts\/317\/revisions"}],"predecessor-version":[{"id":319,"href":"https:\/\/mujercitasmagazine.cl\/index.php?rest_route=\/wp\/v2\/posts\/317\/revisions\/319"}],"wp:featuredmedia":[{"embeddable":true,"href":"https:\/\/mujercitasmagazine.cl\/index.php?rest_route=\/wp\/v2\/media\/318"}],"wp:attachment":[{"href":"https:\/\/mujercitasmagazine.cl\/index.php?rest_route=%2Fwp%2Fv2%2Fmedia&parent=317"}],"wp:term":[{"taxonomy":"category","embeddable":true,"href":"https:\/\/mujercitasmagazine.cl\/index.php?rest_route=%2Fwp%2Fv2%2Fcategories&post=317"},{"taxonomy":"post_tag","embeddable":true,"href":"https:\/\/mujercitasmagazine.cl\/index.php?rest_route=%2Fwp%2Fv2%2Ftags&post=317"}],"curies":[{"name":"wp","href":"https:\/\/api.w.org\/{rel}","templated":true}]}}