{"id":312,"date":"2025-11-27T20:46:01","date_gmt":"2025-11-27T20:46:01","guid":{"rendered":"https:\/\/mujercitasmagazine.cl\/?p=312"},"modified":"2025-11-27T20:46:29","modified_gmt":"2025-11-27T20:46:29","slug":"imperdible-panorama-para-este-fin-de-semana-festival-ladera-sur-2025-sorprende-con-ana-tijoux-gepe-quique-neira-y-mas-de-200-speakers","status":"publish","type":"post","link":"https:\/\/mujercitasmagazine.cl\/?p=312","title":{"rendered":"Imperdible panorama para este fin de semana; Festival Ladera Sur 2025 sorprende con Ana Tijoux , Gepe, Quique Neira y m\u00e1s de 200 speakers"},"content":{"rendered":"\n<p>Este 28, 29 y 30 de noviembre se realizar\u00e1 la cuarta edici\u00f3n del Festival Ladera Sur, el<\/p>\n\n\n\n<p>mayor encuentro de naturaleza, medio ambiente y cultura sostenible de Chile y<\/p>\n\n\n\n<p>Latinoam\u00e9rica. La cita vuelve al Parque Santa Rosa de Apoquindo, en Las Condes, con una<\/p>\n\n\n\n<p>programaci\u00f3n que re\u00fane m\u00fasica en vivo, charlas, talleres, arte, experiencias educativas,<\/p>\n\n\n\n<p>gastronom\u00eda y actividades para todas las edades.<\/p>\n\n\n\n<p>Este a\u00f1o, el festival ofrecer\u00e1 un beneficio especial: el viernes 28 la entrada ser\u00e1 gratuita<\/p>\n\n\n\n<p>hasta las 13:00 horas, en el marco del lanzamiento de Ecosistema Ladera Sur, un espacio<\/p>\n\n\n\n<p>dedicado al di\u00e1logo entre el mundo p\u00fablico, privado y la sociedad civil. Adem\u00e1s, los ni\u00f1os y<\/p>\n\n\n\n<p>ni\u00f1as de hasta 12 a\u00f1os no pagan durante todo el fin de semana.<\/p>\n\n\n\n<p>Como parte de la programaci\u00f3n del viernes 28, el festival presentar\u00e1 el conversatorio \u201cEl<\/p>\n\n\n\n<p>Futuro Medio Ambiental de Chile\u201d<\/p>\n\n\n\n<p>, que reunir\u00e1 a Ricardo Irarr\u00e1zabal (comando Kast) y<\/p>\n\n\n\n<p>Daniel Melo (comando Jara), en un di\u00e1logo sobre pol\u00edticas clim\u00e1ticas y sostenibilidad. La<\/p>\n\n\n\n<p>instancia ser\u00e1 moderada por la periodista de CNN Chile, Macarena Morales, y se realizar\u00e1<\/p>\n\n\n\n<p>entre las 11:00 y 12:00 horas en el Escenario Natura. La actividad ser\u00e1 transmitida por el<\/p>\n\n\n\n<p>canal de YouTube de Ladera Sur y CNN Chile.<\/p>\n\n\n\n<p><strong>Cartel musical: tres d\u00edas de m\u00fasica para todos los gustos<\/strong><\/p>\n\n\n\n<p>El festival confirma un cartel musical que dialoga con distintos p\u00fablicos y momentos del fin<\/p>\n\n\n\n<p>de semana:<\/p>\n\n\n\n<p>\u25cf<\/p>\n\n\n\n<p>Viernes 28 Ecosistema Ladera Sur: electr\u00f3nica y experimentaci\u00f3n con Bruno<\/p>\n\n\n\n<p>Borlone &amp; C-Funk y el d\u00fao franco-chileno Nova Materia.<\/p>\n\n\n\n<p>\u25cf<\/p>\n\n\n\n<p>S\u00e1bado 29: una jornada familiar y musical con Mazap\u00e1n, la puesta en escena de Los<\/p>\n\n\n\n<p>Fi, adem\u00e1s de presentaciones de Quique Neira y Gepe, quien celebra 20 a\u00f1os de<\/p>\n\n\n\n<p>Gepinto.<\/p>\n\n\n\n<p>\u25cf<\/p>\n\n\n\n<p>Domingo 30: m\u00fasica infantil con Otra Otra, liderado por Elisa Zulueta y Pablo<\/p>\n\n\n\n<p>Ilabaca, y el cierre estelar a cargo de Ana Tijoux, referente del hip hop y la m\u00fasica<\/p>\n\n\n\n<p>social latinoamericana.<\/p>\n\n\n\n<p><strong>Speakers internacionales, ciencia, conservaci\u00f3n y sostenibilidad<\/strong><\/p>\n\n\n\n<p>La edici\u00f3n 2025 reunir\u00e1 a m\u00e1s de 200 charlistas nacionales e internacionales, entre ellos<\/p>\n\n\n\n<p>figuras de renombre mundial:<\/p>\n\n\n\n<p>\u25cf<\/p>\n\n\n\n<p>Sylvia Earle, legendaria ocean\u00f3grafa y exploradora de National Geographic.\u25cf<\/p>\n\n\n\n<p>Joan Mel\u00e9, presidente de la Fundaci\u00f3n Dinero y Conciencia y referente de la banca<\/p>\n\n\n\n<p>\u25cf<\/p>\n\n\n\n<p>\u25cf<\/p>\n\n\n\n<p>\u25cf<\/p>\n\n\n\n<p>\u00e9tica.<\/p>\n\n\n\n<p>Giuliana Furci, fundadora de Fundaci\u00f3n Fungi y pionera en la micolog\u00eda a nivel<\/p>\n\n\n\n<p>global.<\/p>\n\n\n\n<p>Jaime Rojo, fot\u00f3grafo, documentalista y explorador de National Geographic.<\/p>\n\n\n\n<p>Fernando Trujillo, experto en delfines de r\u00edo y Explorador del A\u00f1o Rolex National<\/p>\n\n\n\n<p>Geographic 2024.<\/p>\n\n\n\n<p>A ellos se suman m\u00e1s de 100 ONG ambientales y 170 emprendimientos sustentables, junto<\/p>\n\n\n\n<p>con charlas, talleres, actividades creativas, experiencias inmersivas y zonas gastron\u00f3micas.<\/p>\n\n\n\n<p>Cada d\u00eda del festival propone un recorrido que invita a repensar c\u00f3mo habitamos el territorio<\/p>\n\n\n\n<p>y c\u00f3mo podemos reconectar con la naturaleza desde la vida cotidiana.<\/p>\n\n\n\n<p><strong>Escenarios y espacios del festival<\/strong><\/p>\n\n\n\n<p>El festival contar\u00e1 con seis escenarios tem\u00e1ticos, donde se desarrollar\u00e1n de manera<\/p>\n\n\n\n<p>simult\u00e1nea presentaciones musicales, charlas de expertos, paneles, talleres y actividades<\/p>\n\n\n\n<p>corporativas y educativas.<\/p>\n\n\n\n<p>Tambi\u00e9n habr\u00e1 m\u00e1s de siete zonas tem\u00e1ticas, destacando espacios de gastronom\u00eda<\/p>\n\n\n\n<p>consciente, mercado de emprendimientos, \u00e1reas dedicadas al outdoor, arte y vida<\/p>\n\n\n\n<p>sostenible, junto a una zona infantil especial llamada El Nido, pensada para que los m\u00e1s<\/p>\n\n\n\n<p>peque\u00f1os se conecten con la naturaleza mediante juegos y actividades educativas.<\/p>\n\n\n\n<p>Adicionalmente, estar\u00e1 presente el MIM itinerante, un muro de escalada, exposiciones<\/p>\n\n\n\n<p>fotogr\u00e1ficas, activaciones de marcas, catas, talleres creativos y espacios de descanso,<\/p>\n\n\n\n<p>convirtiendo al festival en una experiencia integral para familias, ni\u00f1os, j\u00f3venes, empresas y<\/p>\n\n\n\n<p>amantes de la naturaleza.<\/p>\n\n\n\n<p><strong>Ecosistema Ladera Sur: un nuevo espacio de encuentro<\/strong><\/p>\n\n\n\n<p>El festival debutar\u00e1 con Ecosistema Ladera Sur, una iniciativa que busca inspirar, vincular y<\/p>\n\n\n\n<p>movilizar al ecosistema p\u00fablico-privado hacia un modelo econ\u00f3mico m\u00e1s consciente y<\/p>\n\n\n\n<p>regenerativo.<\/p>\n\n\n\n<p>El viernes 28 incluir\u00e1 conversatorios, ruedas de negocios, mentor\u00edas, speed dating, talleres<\/p>\n\n\n\n<p>y actividades de networking, con la presencia de organizaciones, empresas, fundaciones y<\/p>\n\n\n\n<p>expertos en sostenibilidad.<\/p>\n\n\n\n<p><strong>Un ecosistema que crece<\/strong><\/p>\n\n\n\n<p>Ladera Sur ha desarrollado un ecosistema que re\u00fane un medio digital l\u00edder en naturaleza,<\/p>\n\n\n\n<p>iniciativas de impacto, programas educativos y un festival que conecta a miles de personas<\/p>\n\n\n\n<p>en torno al cuidado del planeta.El evento cuenta con el apoyo de aliados como Bci, Patagonia, Natura, Oceana, PEW,<\/p>\n\n\n\n<p>Fj\u00e4llr\u00e4ven, ReSimple, C\u00e1mara de Comercio de Santiago, CORFO, Ministerio del Medio<\/p>\n\n\n\n<p>Ambiente (MMA) y GORE RM, quienes refuerzan el compromiso de avanzar hacia un Chile<\/p>\n\n\n\n<p>m\u00e1s sostenible.<\/p>\n\n\n\n<p><strong>Entradas y beneficios<\/strong><\/p>\n\n\n\n<p>Las entradas est\u00e1n disponibles en Ticketmaster, con los beneficios previamente anunciados:<\/p>\n\n\n\n<p>\u25cf<\/p>\n\n\n\n<p>20% de descuento para clientes Bci (excepto Machbank y L\u00edder Bci).<\/p>\n\n\n\n<p>\u25cf<\/p>\n\n\n\n<p>10% adicional para tarjetas Bci Visa Signature, Visa Infinite o Mastercard Black.<\/p>\n\n\n\n<p>\u25cf<\/p>\n\n\n\n<p>10% de descuento para vecinos de Las Condes con Tarjeta Vecino.<\/p>\n\n\n\n<p>\u25cf<\/p>\n\n\n\n<p>Packs de 4 y 6 entradas, ideales para asistir en grupo o familia.<\/p>\n\n\n\n<p>\u25cf<\/p>\n\n\n\n<p>\u25cf<\/p>\n\n\n\n<p>Pases diarios y de 2 o 3 d\u00edas.<\/p>\n\n\n\n<p>Descuentos a estudiantes (presentando TNE) en boleter\u00eda.<\/p>\n\n\n\n<p>y tercera edad (presentando C\u00e9dula)<\/p>\n\n\n\n<p>La programaci\u00f3n completa ya est\u00e1 disponible en festivalladerasur.com, y las entradas<\/p>\n","protected":false},"excerpt":{"rendered":"<p>Este 28, 29 y 30 de noviembre se realizar\u00e1 la cuarta edici\u00f3n del Festival Ladera Sur, el mayor encuentro de naturaleza, medio ambiente y cultura &hellip; <\/p>\n","protected":false},"author":1,"featured_media":313,"comment_status":"open","ping_status":"open","sticky":false,"template":"","format":"standard","meta":{"_uag_custom_page_level_css":"","footnotes":""},"categories":[8],"tags":[],"class_list":["post-312","post","type-post","status-publish","format-standard","has-post-thumbnail","hentry","category-datos-y-tips"],"uagb_featured_image_src":{"full":["https:\/\/mujercitasmagazine.cl\/wp-content\/uploads\/2025\/11\/FUCO05907.jpeg",2048,1365,false],"thumbnail":["https:\/\/mujercitasmagazine.cl\/wp-content\/uploads\/2025\/11\/FUCO05907-150x150.jpeg",150,150,true],"medium":["https:\/\/mujercitasmagazine.cl\/wp-content\/uploads\/2025\/11\/FUCO05907-300x200.jpeg",300,200,true],"medium_large":["https:\/\/mujercitasmagazine.cl\/wp-content\/uploads\/2025\/11\/FUCO05907-768x512.jpeg",768,512,true],"large":["https:\/\/mujercitasmagazine.cl\/wp-content\/uploads\/2025\/11\/FUCO05907-1024x683.jpeg",840,560,true],"1536x1536":["https:\/\/mujercitasmagazine.cl\/wp-content\/uploads\/2025\/11\/FUCO05907-1536x1024.jpeg",1536,1024,true],"2048x2048":["https:\/\/mujercitasmagazine.cl\/wp-content\/uploads\/2025\/11\/FUCO05907.jpeg",2048,1365,false],"hello-fashion-slider":["https:\/\/mujercitasmagazine.cl\/wp-content\/uploads\/2025\/11\/FUCO05907-480x600.jpeg",480,600,true],"hello-fashion-blog-three":["https:\/\/mujercitasmagazine.cl\/wp-content\/uploads\/2025\/11\/FUCO05907-420x502.jpeg",420,502,true],"hello-fashion-blog-four":["https:\/\/mujercitasmagazine.cl\/wp-content\/uploads\/2025\/11\/FUCO05907-573x685.jpeg",573,685,true],"vilva-slider-one":["https:\/\/mujercitasmagazine.cl\/wp-content\/uploads\/2025\/11\/FUCO05907-1220x600.jpeg",1220,600,true],"vilva-featured-four":["https:\/\/mujercitasmagazine.cl\/wp-content\/uploads\/2025\/11\/FUCO05907-800x530.jpeg",800,530,true],"vilva-blog":["https:\/\/mujercitasmagazine.cl\/wp-content\/uploads\/2025\/11\/FUCO05907-420x280.jpeg",420,280,true],"vilva-blog-one":["https:\/\/mujercitasmagazine.cl\/wp-content\/uploads\/2025\/11\/FUCO05907-900x500.jpeg",900,500,true],"vilva-sidebar":["https:\/\/mujercitasmagazine.cl\/wp-content\/uploads\/2025\/11\/FUCO05907-840x473.jpeg",840,473,true]},"uagb_author_info":{"display_name":"Mujercitas Magazine","author_link":"https:\/\/mujercitasmagazine.cl\/?author=1"},"uagb_comment_info":0,"uagb_excerpt":"Este 28, 29 y 30 de noviembre se realizar\u00e1 la cuarta edici\u00f3n del Festival Ladera Sur, el mayor encuentro de naturaleza, medio ambiente y cultura &hellip;","_links":{"self":[{"href":"https:\/\/mujercitasmagazine.cl\/index.php?rest_route=\/wp\/v2\/posts\/312","targetHints":{"allow":["GET"]}}],"collection":[{"href":"https:\/\/mujercitasmagazine.cl\/index.php?rest_route=\/wp\/v2\/posts"}],"about":[{"href":"https:\/\/mujercitasmagazine.cl\/index.php?rest_route=\/wp\/v2\/types\/post"}],"author":[{"embeddable":true,"href":"https:\/\/mujercitasmagazine.cl\/index.php?rest_route=\/wp\/v2\/users\/1"}],"replies":[{"embeddable":true,"href":"https:\/\/mujercitasmagazine.cl\/index.php?rest_route=%2Fwp%2Fv2%2Fcomments&post=312"}],"version-history":[{"count":1,"href":"https:\/\/mujercitasmagazine.cl\/index.php?rest_route=\/wp\/v2\/posts\/312\/revisions"}],"predecessor-version":[{"id":314,"href":"https:\/\/mujercitasmagazine.cl\/index.php?rest_route=\/wp\/v2\/posts\/312\/revisions\/314"}],"wp:featuredmedia":[{"embeddable":true,"href":"https:\/\/mujercitasmagazine.cl\/index.php?rest_route=\/wp\/v2\/media\/313"}],"wp:attachment":[{"href":"https:\/\/mujercitasmagazine.cl\/index.php?rest_route=%2Fwp%2Fv2%2Fmedia&parent=312"}],"wp:term":[{"taxonomy":"category","embeddable":true,"href":"https:\/\/mujercitasmagazine.cl\/index.php?rest_route=%2Fwp%2Fv2%2Fcategories&post=312"},{"taxonomy":"post_tag","embeddable":true,"href":"https:\/\/mujercitasmagazine.cl\/index.php?rest_route=%2Fwp%2Fv2%2Ftags&post=312"}],"curies":[{"name":"wp","href":"https:\/\/api.w.org\/{rel}","templated":true}]}}