{"id":300,"date":"2025-11-17T16:41:44","date_gmt":"2025-11-17T16:41:44","guid":{"rendered":"https:\/\/mujercitasmagazine.cl\/?p=300"},"modified":"2025-11-17T16:42:05","modified_gmt":"2025-11-17T16:42:05","slug":"los-aromas-navidenos-que-marcaran-esta-temporada","status":"publish","type":"post","link":"https:\/\/mujercitasmagazine.cl\/?p=300","title":{"rendered":"Los aromas navide\u00f1os que marcar\u00e1n esta temporada"},"content":{"rendered":"\n<p>En esta \u00e9poca cargada de emociones y recuerdos, llega a Chile una nueva colecci\u00f3n inspirada en el<br>esp\u00edritu de fin de a\u00f1o, una invitaci\u00f3n a llenar el hogar de calidez y sensaciones.<br>Noviembre, 2025.- La Navidad es la \u00e9poca en que los sentidos cobran un protagonismo especial: los<br>aromas despiertan recuerdos, emociones y tradiciones que nos conectan con nuestro hogar y con<br>quienes m\u00e1s queremos. En este esp\u00edritu, Air Wick, marca l\u00edder mundial en ambientadores del hogar,<br>presenta su Colecci\u00f3n Especial de Navidad, dise\u00f1ada para transformar los espacios en lugares llenos<br>de calidez y magia.<br>Con m\u00e1s de ocho d\u00e9cadas de trayectoria y presencia en m\u00e1s de 60 pa\u00edses, la marca ha sabido<br>interpretar los aromas que definen cada estaci\u00f3n. En esta ocasi\u00f3n, presenta una edici\u00f3n limitada que<br>rinde homenaje a las sensaciones m\u00e1s queridas de fin de a\u00f1o, a trav\u00e9s de tres fragancias que invitan<br>a reconectar con los recuerdos:<br>\u25cf Aires de Navidad, con notas dulces y especiadas que evocan el kuchen de manzana y canela<br>de la infancia.<br>\u25cf Pino y Estrellas, una mezcla maderosa y fresca que remite al aroma del bosque adornado<br>por luces.<br>\u25cf Dulces Memorias, una combinaci\u00f3n de vainilla y caramelo que envuelve los espacios de<br>nostalgia y ternura.<br>Experiencia multisensorial<br>La colecci\u00f3n se present\u00f3 en exclusiva a representantes del mundo del arte, la decoraci\u00f3n, la moda y<br>el hogar, y a creadores de de contenido influyentes en estas categor\u00edas, destacando entre los<br>asistentes a la reconocida artista Vesta Lugg (@vestalugg), adem\u00e1s de Cristopher Olivares<br>(@soycrisdechile), Natalia Larra\u00edn (@larraindecoracion), Josefina Jensen (@soa.josefina), entre<br>otros; en un evento que combin\u00f3 estilo y emoci\u00f3n inspirado en la magia de la Navidad, donde Air<br>Wick invit\u00f3 a los asistentes a vivir una experiencia que evocaba los recuerdos m\u00e1s entra\u00f1ables de<br>esta \u00e9poca del a\u00f1o.<br>La cita tuvo lugar en Casa Cecilia, una casona neocl\u00e1sica restaurada por el estudio Grisanti &amp; Cussen,<br>que se convirti\u00f3 en el escenario ideal para una noche donde el verde y el rojo dieron vida a la<br>ambientaci\u00f3n festiva. Sus espacios se transformaron en un recorrido inmersivo con m\u00fasica, luces,<br>sabores y las fragancias de la temporada como protagonistas, reflejando el esp\u00edritu acogedor y<br>emocional de la nueva colecci\u00f3n.<br>\u201cQueremos invitar a las personas a reconectarse con la esencia de la Navidad, a trav\u00e9s de fragancias<br>que cuentan historias y transforman el hogar en el coraz\u00f3n de cada encuentro\u201d, comenta Corina<br>Kirby, Head of Marketing South West Latam Essential Home Unit en Reckitt.<br>Con esta propuesta, Air Wick busca rescatar la belleza de los momentos cotidianos y transformar la<br>experiencia de estar en casa. Porque cada aroma es una invitaci\u00f3n a detener el tiempo y a disfrutar<br>la magia del presente. Descubre todas sus novedades, sus productos y aromas en su sitio web<br>www.airwick.cl o en la cuenta de Instagram @Airwick.chile.<\/p>\n","protected":false},"excerpt":{"rendered":"<p>En esta \u00e9poca cargada de emociones y recuerdos, llega a Chile una nueva colecci\u00f3n inspirada en elesp\u00edritu de fin de a\u00f1o, una invitaci\u00f3n a llenar &hellip; <\/p>\n","protected":false},"author":1,"featured_media":301,"comment_status":"open","ping_status":"open","sticky":false,"template":"","format":"standard","meta":{"_uag_custom_page_level_css":"","footnotes":""},"categories":[2],"tags":[],"class_list":["post-300","post","type-post","status-publish","format-standard","has-post-thumbnail","hentry","category-eventos"],"uagb_featured_image_src":{"full":["https:\/\/mujercitasmagazine.cl\/wp-content\/uploads\/2025\/11\/4-Ambiente-3.jpg",640,512,false],"thumbnail":["https:\/\/mujercitasmagazine.cl\/wp-content\/uploads\/2025\/11\/4-Ambiente-3-150x150.jpg",150,150,true],"medium":["https:\/\/mujercitasmagazine.cl\/wp-content\/uploads\/2025\/11\/4-Ambiente-3-300x240.jpg",300,240,true],"medium_large":["https:\/\/mujercitasmagazine.cl\/wp-content\/uploads\/2025\/11\/4-Ambiente-3.jpg",640,512,false],"large":["https:\/\/mujercitasmagazine.cl\/wp-content\/uploads\/2025\/11\/4-Ambiente-3.jpg",640,512,false],"1536x1536":["https:\/\/mujercitasmagazine.cl\/wp-content\/uploads\/2025\/11\/4-Ambiente-3.jpg",640,512,false],"2048x2048":["https:\/\/mujercitasmagazine.cl\/wp-content\/uploads\/2025\/11\/4-Ambiente-3.jpg",640,512,false],"hello-fashion-slider":["https:\/\/mujercitasmagazine.cl\/wp-content\/uploads\/2025\/11\/4-Ambiente-3-480x512.jpg",480,512,true],"hello-fashion-blog-three":["https:\/\/mujercitasmagazine.cl\/wp-content\/uploads\/2025\/11\/4-Ambiente-3-420x502.jpg",420,502,true],"hello-fashion-blog-four":["https:\/\/mujercitasmagazine.cl\/wp-content\/uploads\/2025\/11\/4-Ambiente-3-573x512.jpg",573,512,true],"vilva-slider-one":["https:\/\/mujercitasmagazine.cl\/wp-content\/uploads\/2025\/11\/4-Ambiente-3.jpg",640,512,false],"vilva-featured-four":["https:\/\/mujercitasmagazine.cl\/wp-content\/uploads\/2025\/11\/4-Ambiente-3.jpg",640,512,false],"vilva-blog":["https:\/\/mujercitasmagazine.cl\/wp-content\/uploads\/2025\/11\/4-Ambiente-3-420x280.jpg",420,280,true],"vilva-blog-one":["https:\/\/mujercitasmagazine.cl\/wp-content\/uploads\/2025\/11\/4-Ambiente-3-640x500.jpg",640,500,true],"vilva-sidebar":["https:\/\/mujercitasmagazine.cl\/wp-content\/uploads\/2025\/11\/4-Ambiente-3-640x473.jpg",640,473,true]},"uagb_author_info":{"display_name":"Mujercitas Magazine","author_link":"https:\/\/mujercitasmagazine.cl\/?author=1"},"uagb_comment_info":0,"uagb_excerpt":"En esta \u00e9poca cargada de emociones y recuerdos, llega a Chile una nueva colecci\u00f3n inspirada en elesp\u00edritu de fin de a\u00f1o, una invitaci\u00f3n a llenar &hellip;","_links":{"self":[{"href":"https:\/\/mujercitasmagazine.cl\/index.php?rest_route=\/wp\/v2\/posts\/300","targetHints":{"allow":["GET"]}}],"collection":[{"href":"https:\/\/mujercitasmagazine.cl\/index.php?rest_route=\/wp\/v2\/posts"}],"about":[{"href":"https:\/\/mujercitasmagazine.cl\/index.php?rest_route=\/wp\/v2\/types\/post"}],"author":[{"embeddable":true,"href":"https:\/\/mujercitasmagazine.cl\/index.php?rest_route=\/wp\/v2\/users\/1"}],"replies":[{"embeddable":true,"href":"https:\/\/mujercitasmagazine.cl\/index.php?rest_route=%2Fwp%2Fv2%2Fcomments&post=300"}],"version-history":[{"count":1,"href":"https:\/\/mujercitasmagazine.cl\/index.php?rest_route=\/wp\/v2\/posts\/300\/revisions"}],"predecessor-version":[{"id":302,"href":"https:\/\/mujercitasmagazine.cl\/index.php?rest_route=\/wp\/v2\/posts\/300\/revisions\/302"}],"wp:featuredmedia":[{"embeddable":true,"href":"https:\/\/mujercitasmagazine.cl\/index.php?rest_route=\/wp\/v2\/media\/301"}],"wp:attachment":[{"href":"https:\/\/mujercitasmagazine.cl\/index.php?rest_route=%2Fwp%2Fv2%2Fmedia&parent=300"}],"wp:term":[{"taxonomy":"category","embeddable":true,"href":"https:\/\/mujercitasmagazine.cl\/index.php?rest_route=%2Fwp%2Fv2%2Fcategories&post=300"},{"taxonomy":"post_tag","embeddable":true,"href":"https:\/\/mujercitasmagazine.cl\/index.php?rest_route=%2Fwp%2Fv2%2Ftags&post=300"}],"curies":[{"name":"wp","href":"https:\/\/api.w.org\/{rel}","templated":true}]}}