{"id":279,"date":"2025-10-09T19:50:27","date_gmt":"2025-10-09T19:50:27","guid":{"rendered":"https:\/\/mujercitasmagazine.cl\/?p=279"},"modified":"2025-10-09T19:50:46","modified_gmt":"2025-10-09T19:50:46","slug":"conoce-los-rostros-e-influencers-que-son-parte-de-casateconlacausa2025","status":"publish","type":"post","link":"https:\/\/mujercitasmagazine.cl\/?p=279","title":{"rendered":"CONOCE LOS ROSTROS E INFLUENCERS QUE SON PARTE DE #CASATECONLACAUSA2025"},"content":{"rendered":"\n<ul class=\"wp-block-list\">\n<li>Con la animaci\u00f3n de Carola de Moras, es el evento que re\u00fane a distintas figuras de la televisi\u00f3n y de social media para concientizar sobre el mes del c\u00e1ncer, organizado por la Fundaci\u00f3n Oncol\u00f3gica pro ayuda al Instituto Nacional del C\u00e1ncer.\u00a0 Todo lo que se recaude en esta Gala ben\u00e9fica ser\u00e1 destinado a la simetrizaci\u00f3n mamaria de mujeres que han padecido esta enfermedad.\u00a0<\/li>\n<\/ul>\n\n\n\n<ul class=\"wp-block-list\">\n<li>La Gala ben\u00e9fica #CasateconlaCausa2025 se realizar\u00e1 este 22 de octubre en Cl\u00ednica La Parva de Las Condes. Y este a\u00f1o en el show estar\u00e1n destacados artistas nacionales como Natalino y Nico Ruiz.\u00a0<\/li>\n<\/ul>\n\n\n\n<p>Santiago, octubre de 2024.- El c\u00e1ncer de mama es la primera causa de muerte entre las mujeres del pa\u00eds, sin embargo si es detectado a tiempo cuenta con tratamientos que tienen sobre un 95% de posibilidades de \u00e9xito. Por ello, en este mes se conmemora la lucha contra el c\u00e1ncer de mama con el fin de sensibilizar y generar conciencia para que las mujeres puedan acceder a un diagn\u00f3stico y tratamiento oportuno, haciendo \u00e9nfasis en las estrategias de detecci\u00f3n precoz.<\/p>\n\n\n\n<p>Hasta ahora las figuras que ya se han sumado y que desfilaran los vestidos de Nevada Novias&nbsp; y trajes de Zuts y Calabrese novios son, la ic\u00f3nica modelo de los \u201890 Rosita Parsons, Daniela Ar\u00e1nguiz, Karim Butte, Yasm\u00edn V\u00e1squez, Rayen Araya, Titi Garc\u00eda Huidobro, Fran Maira, Titi Ahubert, Lisandra Silva, Mario Velasco, el chef Sergi Arola, Kenita Larra\u00edn, Tutu Vidaurre, Michelle Adam, Daniela Urrizola, Camila Chef, Daniela Nicolas, Carola Jorquera, Maly Jorquiera, Luis \u201cMago\u201d Jim\u00e9nez, Catalina Pulido, Paula Escobar, Cecilia Guti\u00e9rrez, C\u00e9sar Campos, entre otros.&nbsp;<\/p>\n\n\n\n<p>En la<strong>&nbsp;animaci\u00f3n estar\u00e1 Carola de Moras y el show reunir\u00e1 a artistas como Natalino y Nico Ruiz.&nbsp;<\/strong>Adem\u00e1s, esta gala y desfile ben\u00e9fico,&nbsp;<strong>contar\u00e1 nuevamente con el periodista y Dj Roberto Cox,<\/strong>&nbsp;quien por tercer a\u00f1o ser\u00e1 el encargado de ambientar con su m\u00fasica el paso de las figuras e influencers que caminar\u00e1n por la pasarela que se instalar\u00e1 en Cl\u00ednica La Parva.<\/p>\n\n\n\n<p>La&nbsp;<strong>abogada Macarena Venegas&nbsp;<\/strong>-quien es una de las organizadoras desde el primer a\u00f1o-<strong>&nbsp;<\/strong>est\u00e1 a cargo de la producci\u00f3n de esta Gala ben\u00e9fica que busca reunir fondos para la reconstrucci\u00f3n mamaria de mujeres que han padecido de c\u00e1ncer y que necesitan con urgencia someterse a esta intervenci\u00f3n.&nbsp;<\/p>\n\n\n\n<p>\u201cEs un honor volver a organizar este a\u00f1o la tercera edici\u00f3n del evento de beneficencia \u201cC\u00e1sate con la causa\u201d en ayuda a la Fundaci\u00f3n Oncol\u00f3gica del Instituto Nacional del C\u00e1ncer, en el mes del c\u00e1ncer de mama. Es por ello, que convocamos a rostros de nuestro pa\u00eds reconocidos y queridos, que deciden comprometerse a trav\u00e9s de este desfile solidario. Nuestro esp\u00edritu es darle belleza y dignidad a tantas mujeres que padecen este tipo de c\u00e1ncer, ya que todos los fondos que se recauden por la venta de entradas al evento del d\u00eda 22 de octubre del presente a\u00f1o en Cl\u00ednica La Parva; y por la venta de n\u00fameros de rifa en Ticketmaster, ser\u00e1n destinados a la ayuda de mujeres que necesiten una simetrizaci\u00f3n mamaria\u201d, explica la abogada Macarena Venegas.<\/p>\n\n\n\n<p>Por su parte, la<strong>&nbsp;directora de Fundaci\u00f3n Oncol\u00f3gica, Claudia Zapata&nbsp;<\/strong>explica: \u201cEste a\u00f1o es especialmente significativo para nosotros, ya que conmemoramos 30 a\u00f1os de trabajo y compromiso con los pacientes que apoyamos en Fundaci\u00f3n Oncol\u00f3gica. Esta importante iniciativa nos permite reunir fondos para nuestro programa de simetrizaci\u00f3n mamaria, con el que apoyamos a mujeres que reciben tratamiento en el Instituto Nacional del C\u00e1ncer y que, despu\u00e9s de reconstruir la mama afectada por c\u00e1ncer, necesitan una pr\u00f3tesis. De esta manera, no solo cuidamos su bienestar f\u00edsico, sino que tambi\u00e9n ayudamos a recuperar su confianza, autoestima y calidad de vida\u00bb.&nbsp;<\/p>\n\n\n\n<p>En tanto,&nbsp;<strong>Mar\u00eda Jos\u00e9 Serrano de Nevada Novias<\/strong>&nbsp;comenta: \u201cSabemos que el matrimonio es un acto de amor, y queremos que ese amor se extienda a quienes m\u00e1s lo necesitan. Para nosotros, este evento es mucho m\u00e1s que una colaboraci\u00f3n, es una forma de agradecer y retribuir a nuestra comunidad. M\u00e1s de 30 rostros del medio se visten de novias y novios para una gala incre\u00edble. Es la oportunidad de decir que el amor que celebramos en cada matrimonio puede ser una fuerza para el cambio. Juntos, hacemos la diferencia\u00bb.<\/p>\n\n\n\n<p>Este a\u00f1o, si quieres ser parte de la Gala ben\u00e9fica de C\u00e1sate con la Causa, puedes comprar tus entradas en&nbsp;<a href=\"https:\/\/www.ticketmaster.cl\/event\/gala-anual-casate-con-la-causa-clinica-la-parva\" target=\"_blank\" rel=\"noreferrer noopener\">https:\/\/www.ticketmaster.cl\/event\/gala-anual-casate-con-la-causa-clinica-la-parva<\/a>&nbsp;&nbsp;<\/p>\n","protected":false},"excerpt":{"rendered":"<p>Santiago, octubre de 2024.- El c\u00e1ncer de mama es la primera causa de muerte entre las mujeres del pa\u00eds, sin embargo si es detectado a &hellip; <\/p>\n","protected":false},"author":1,"featured_media":280,"comment_status":"open","ping_status":"open","sticky":false,"template":"","format":"standard","meta":{"_uag_custom_page_level_css":"","footnotes":""},"categories":[8],"tags":[],"class_list":["post-279","post","type-post","status-publish","format-standard","has-post-thumbnail","hentry","category-datos-y-tips"],"uagb_featured_image_src":{"full":["https:\/\/mujercitasmagazine.cl\/wp-content\/uploads\/2025\/10\/2.-Rayen-Araya-en-Casateconla-Causa2025.jpeg",1280,587,false],"thumbnail":["https:\/\/mujercitasmagazine.cl\/wp-content\/uploads\/2025\/10\/2.-Rayen-Araya-en-Casateconla-Causa2025-150x150.jpeg",150,150,true],"medium":["https:\/\/mujercitasmagazine.cl\/wp-content\/uploads\/2025\/10\/2.-Rayen-Araya-en-Casateconla-Causa2025-300x138.jpeg",300,138,true],"medium_large":["https:\/\/mujercitasmagazine.cl\/wp-content\/uploads\/2025\/10\/2.-Rayen-Araya-en-Casateconla-Causa2025-768x352.jpeg",768,352,true],"large":["https:\/\/mujercitasmagazine.cl\/wp-content\/uploads\/2025\/10\/2.-Rayen-Araya-en-Casateconla-Causa2025-1024x470.jpeg",840,386,true],"1536x1536":["https:\/\/mujercitasmagazine.cl\/wp-content\/uploads\/2025\/10\/2.-Rayen-Araya-en-Casateconla-Causa2025.jpeg",1280,587,false],"2048x2048":["https:\/\/mujercitasmagazine.cl\/wp-content\/uploads\/2025\/10\/2.-Rayen-Araya-en-Casateconla-Causa2025.jpeg",1280,587,false],"hello-fashion-slider":["https:\/\/mujercitasmagazine.cl\/wp-content\/uploads\/2025\/10\/2.-Rayen-Araya-en-Casateconla-Causa2025-480x587.jpeg",480,587,true],"hello-fashion-blog-three":["https:\/\/mujercitasmagazine.cl\/wp-content\/uploads\/2025\/10\/2.-Rayen-Araya-en-Casateconla-Causa2025-420x502.jpeg",420,502,true],"hello-fashion-blog-four":["https:\/\/mujercitasmagazine.cl\/wp-content\/uploads\/2025\/10\/2.-Rayen-Araya-en-Casateconla-Causa2025-573x587.jpeg",573,587,true],"vilva-slider-one":["https:\/\/mujercitasmagazine.cl\/wp-content\/uploads\/2025\/10\/2.-Rayen-Araya-en-Casateconla-Causa2025-1220x587.jpeg",1220,587,true],"vilva-featured-four":["https:\/\/mujercitasmagazine.cl\/wp-content\/uploads\/2025\/10\/2.-Rayen-Araya-en-Casateconla-Causa2025-800x530.jpeg",800,530,true],"vilva-blog":["https:\/\/mujercitasmagazine.cl\/wp-content\/uploads\/2025\/10\/2.-Rayen-Araya-en-Casateconla-Causa2025-420x280.jpeg",420,280,true],"vilva-blog-one":["https:\/\/mujercitasmagazine.cl\/wp-content\/uploads\/2025\/10\/2.-Rayen-Araya-en-Casateconla-Causa2025-900x500.jpeg",900,500,true],"vilva-sidebar":["https:\/\/mujercitasmagazine.cl\/wp-content\/uploads\/2025\/10\/2.-Rayen-Araya-en-Casateconla-Causa2025-840x473.jpeg",840,473,true]},"uagb_author_info":{"display_name":"Mujercitas Magazine","author_link":"https:\/\/mujercitasmagazine.cl\/?author=1"},"uagb_comment_info":0,"uagb_excerpt":"Santiago, octubre de 2024.- El c\u00e1ncer de mama es la primera causa de muerte entre las mujeres del pa\u00eds, sin embargo si es detectado a &hellip;","_links":{"self":[{"href":"https:\/\/mujercitasmagazine.cl\/index.php?rest_route=\/wp\/v2\/posts\/279","targetHints":{"allow":["GET"]}}],"collection":[{"href":"https:\/\/mujercitasmagazine.cl\/index.php?rest_route=\/wp\/v2\/posts"}],"about":[{"href":"https:\/\/mujercitasmagazine.cl\/index.php?rest_route=\/wp\/v2\/types\/post"}],"author":[{"embeddable":true,"href":"https:\/\/mujercitasmagazine.cl\/index.php?rest_route=\/wp\/v2\/users\/1"}],"replies":[{"embeddable":true,"href":"https:\/\/mujercitasmagazine.cl\/index.php?rest_route=%2Fwp%2Fv2%2Fcomments&post=279"}],"version-history":[{"count":1,"href":"https:\/\/mujercitasmagazine.cl\/index.php?rest_route=\/wp\/v2\/posts\/279\/revisions"}],"predecessor-version":[{"id":281,"href":"https:\/\/mujercitasmagazine.cl\/index.php?rest_route=\/wp\/v2\/posts\/279\/revisions\/281"}],"wp:featuredmedia":[{"embeddable":true,"href":"https:\/\/mujercitasmagazine.cl\/index.php?rest_route=\/wp\/v2\/media\/280"}],"wp:attachment":[{"href":"https:\/\/mujercitasmagazine.cl\/index.php?rest_route=%2Fwp%2Fv2%2Fmedia&parent=279"}],"wp:term":[{"taxonomy":"category","embeddable":true,"href":"https:\/\/mujercitasmagazine.cl\/index.php?rest_route=%2Fwp%2Fv2%2Fcategories&post=279"},{"taxonomy":"post_tag","embeddable":true,"href":"https:\/\/mujercitasmagazine.cl\/index.php?rest_route=%2Fwp%2Fv2%2Ftags&post=279"}],"curies":[{"name":"wp","href":"https:\/\/api.w.org\/{rel}","templated":true}]}}