{"id":273,"date":"2025-10-08T18:46:43","date_gmt":"2025-10-08T18:46:43","guid":{"rendered":"https:\/\/mujercitasmagazine.cl\/?p=273"},"modified":"2025-10-08T18:47:09","modified_gmt":"2025-10-08T18:47:09","slug":"homenaje-a-olivia-newton-john-y-whitneyhouston-llega-al-teatro-ca660","status":"publish","type":"post","link":"https:\/\/mujercitasmagazine.cl\/?p=273","title":{"rendered":"Homenaje a Olivia Newton-John y WhitneyHouston llega al Teatro CA660"},"content":{"rendered":"\n<p>Un tributo lleno de emoci\u00f3n y grandes \u00e9xitos rendir\u00e1 homenaje a dos divas del pop, este 29<br>de octubre<br>Por primera vez, las inolvidables canciones de Olivia Newton-John y Whitney Houston se<br>reunir\u00e1n en un mismo escenario. Fundaci\u00f3n CorpArtes y Magma Producciones presentan<br>Noche de Divas, un espect\u00e1culo dirigido por Tito Troncoso que se realizar\u00e1 el mi\u00e9rcoles 29<br>de octubre, a las 20:00 horas, en el Teatro CA660 de Las Condes.<br>El show contar\u00e1 con The Royal Band y las destacadas int\u00e9rpretes Tabita Osses, en el rol de<br>Whitney Houston, y Camila Adad, como Olivia Newton-John. Juntas dar\u00e1n vida a un<br>homenaje que celebra los himnos m\u00e1s ic\u00f3nicos del pop mundial, desde I Will Always Love<br>You y Greatest Love of All hasta Physical, Magic y Summer Night.<br>\u201cVolver al Teatro CA660 para rendir tributo a estas grandes divas es un privilegio que me<br>llena de emoci\u00f3n\u201d, se\u00f1al\u00f3 Tito Troncoso, recordado por su labor como director de orquesta<br>en Morand\u00e9 con Compa\u00f1\u00eda. Desde Fundaci\u00f3n CorpArtes, su director ejecutivo, Jos\u00e9 Tom\u00e1s<br>Palma, destac\u00f3 que el espect\u00e1culo busca revivir canciones que han trascendido<br>generaciones y unir al p\u00fablico en una noche de nostalgia y celebraci\u00f3n.<br>Las entradas est\u00e1n disponibles en www.corpartes.cl, con valores entre $18.000 y $45.000,<br>adem\u00e1s de descuentos para estudiantes, adultos mayores y convenios.<br>Noche de Divas, acogido a la Ley de Donaciones Culturales, promete una velada \u00fanica que<br>une, por primera vez, los legados de dos leyendas eternas de la m\u00fasica anglo.<\/p>\n\n\n\n<p>DETALLES DEL EVENTO:<br>Lugar: Teatro CA660 (Fundaci\u00f3n CorpArtes) \u2013 Rosario Norte 660, Las Condes<br>Fecha: mi\u00e9rcoles 29 de octubre<br>Horario: 20:00 hrs<br>Entradas: Preventa disponible en<br>https:\/\/ticketplus.cl\/events\/noche-de-divas-whitney-houston-olivia-newton-jhon<\/p>\n","protected":false},"excerpt":{"rendered":"<p>Un tributo lleno de emoci\u00f3n y grandes \u00e9xitos rendir\u00e1 homenaje a dos divas del pop, este 29de octubrePor primera vez, las inolvidables canciones de Olivia &hellip; <\/p>\n","protected":false},"author":1,"featured_media":274,"comment_status":"open","ping_status":"open","sticky":false,"template":"","format":"standard","meta":{"_uag_custom_page_level_css":"","footnotes":""},"categories":[14],"tags":[],"class_list":["post-273","post","type-post","status-publish","format-standard","has-post-thumbnail","hentry","category-panoramas"],"uagb_featured_image_src":{"full":["https:\/\/mujercitasmagazine.cl\/wp-content\/uploads\/2025\/10\/IMG-20251006-WA0099.jpg",1280,1600,false],"thumbnail":["https:\/\/mujercitasmagazine.cl\/wp-content\/uploads\/2025\/10\/IMG-20251006-WA0099-150x150.jpg",150,150,true],"medium":["https:\/\/mujercitasmagazine.cl\/wp-content\/uploads\/2025\/10\/IMG-20251006-WA0099-240x300.jpg",240,300,true],"medium_large":["https:\/\/mujercitasmagazine.cl\/wp-content\/uploads\/2025\/10\/IMG-20251006-WA0099-768x960.jpg",768,960,true],"large":["https:\/\/mujercitasmagazine.cl\/wp-content\/uploads\/2025\/10\/IMG-20251006-WA0099-819x1024.jpg",819,1024,true],"1536x1536":["https:\/\/mujercitasmagazine.cl\/wp-content\/uploads\/2025\/10\/IMG-20251006-WA0099-1229x1536.jpg",1229,1536,true],"2048x2048":["https:\/\/mujercitasmagazine.cl\/wp-content\/uploads\/2025\/10\/IMG-20251006-WA0099.jpg",1280,1600,false],"hello-fashion-slider":["https:\/\/mujercitasmagazine.cl\/wp-content\/uploads\/2025\/10\/IMG-20251006-WA0099-480x600.jpg",480,600,true],"hello-fashion-blog-three":["https:\/\/mujercitasmagazine.cl\/wp-content\/uploads\/2025\/10\/IMG-20251006-WA0099-420x502.jpg",420,502,true],"hello-fashion-blog-four":["https:\/\/mujercitasmagazine.cl\/wp-content\/uploads\/2025\/10\/IMG-20251006-WA0099-573x685.jpg",573,685,true],"vilva-slider-one":["https:\/\/mujercitasmagazine.cl\/wp-content\/uploads\/2025\/10\/IMG-20251006-WA0099-1220x600.jpg",1220,600,true],"vilva-featured-four":["https:\/\/mujercitasmagazine.cl\/wp-content\/uploads\/2025\/10\/IMG-20251006-WA0099-800x530.jpg",800,530,true],"vilva-blog":["https:\/\/mujercitasmagazine.cl\/wp-content\/uploads\/2025\/10\/IMG-20251006-WA0099-420x280.jpg",420,280,true],"vilva-blog-one":["https:\/\/mujercitasmagazine.cl\/wp-content\/uploads\/2025\/10\/IMG-20251006-WA0099-900x500.jpg",900,500,true],"vilva-sidebar":["https:\/\/mujercitasmagazine.cl\/wp-content\/uploads\/2025\/10\/IMG-20251006-WA0099-840x473.jpg",840,473,true]},"uagb_author_info":{"display_name":"Mujercitas Magazine","author_link":"https:\/\/mujercitasmagazine.cl\/?author=1"},"uagb_comment_info":0,"uagb_excerpt":"Un tributo lleno de emoci\u00f3n y grandes \u00e9xitos rendir\u00e1 homenaje a dos divas del pop, este 29de octubrePor primera vez, las inolvidables canciones de Olivia &hellip;","_links":{"self":[{"href":"https:\/\/mujercitasmagazine.cl\/index.php?rest_route=\/wp\/v2\/posts\/273","targetHints":{"allow":["GET"]}}],"collection":[{"href":"https:\/\/mujercitasmagazine.cl\/index.php?rest_route=\/wp\/v2\/posts"}],"about":[{"href":"https:\/\/mujercitasmagazine.cl\/index.php?rest_route=\/wp\/v2\/types\/post"}],"author":[{"embeddable":true,"href":"https:\/\/mujercitasmagazine.cl\/index.php?rest_route=\/wp\/v2\/users\/1"}],"replies":[{"embeddable":true,"href":"https:\/\/mujercitasmagazine.cl\/index.php?rest_route=%2Fwp%2Fv2%2Fcomments&post=273"}],"version-history":[{"count":1,"href":"https:\/\/mujercitasmagazine.cl\/index.php?rest_route=\/wp\/v2\/posts\/273\/revisions"}],"predecessor-version":[{"id":275,"href":"https:\/\/mujercitasmagazine.cl\/index.php?rest_route=\/wp\/v2\/posts\/273\/revisions\/275"}],"wp:featuredmedia":[{"embeddable":true,"href":"https:\/\/mujercitasmagazine.cl\/index.php?rest_route=\/wp\/v2\/media\/274"}],"wp:attachment":[{"href":"https:\/\/mujercitasmagazine.cl\/index.php?rest_route=%2Fwp%2Fv2%2Fmedia&parent=273"}],"wp:term":[{"taxonomy":"category","embeddable":true,"href":"https:\/\/mujercitasmagazine.cl\/index.php?rest_route=%2Fwp%2Fv2%2Fcategories&post=273"},{"taxonomy":"post_tag","embeddable":true,"href":"https:\/\/mujercitasmagazine.cl\/index.php?rest_route=%2Fwp%2Fv2%2Ftags&post=273"}],"curies":[{"name":"wp","href":"https:\/\/api.w.org\/{rel}","templated":true}]}}