{"id":263,"date":"2025-10-01T22:52:34","date_gmt":"2025-10-01T22:52:34","guid":{"rendered":"https:\/\/mujercitasmagazine.cl\/?p=263"},"modified":"2025-10-01T22:53:18","modified_gmt":"2025-10-01T22:53:18","slug":"la-belleza-se-toma-la-calle-una-experiencia-urbana-que-invita-a-mirarla-desde-nuevas-perspectivas","status":"publish","type":"post","link":"https:\/\/mujercitasmagazine.cl\/?p=263","title":{"rendered":"La belleza se toma la calle: una experiencia urbana que invita a mirarla desde nuevas perspectivas"},"content":{"rendered":"\n<p><strong>Santiago, octubre 2025.<\/strong>&nbsp;\u2013 La belleza dej\u00f3 por un d\u00eda los escaparates y vitrinas para instalarse en plena ciudad. Frente al Mall Apumanque, transe\u00fantes fueron sorprendidos con un espacio ef\u00edmero que puso en escena distintas formas de vivir y experimentar la belleza, en un formato poco habitual: una activaci\u00f3n urbana abierta, l\u00fadica y participativa.<\/p>\n\n\n\n<p>M\u00e1s de 400 personas recorrieron estaciones que dialogaron con las tendencias actuales: un&nbsp;<strong>Beauty Bar<\/strong>&nbsp;con caf\u00e9 y galletas acompa\u00f1ados de tips de autocuidado, la&nbsp;<strong>evaluaci\u00f3n de piel con la m\u00e1quina Skinia<\/strong>&nbsp;y din\u00e1micas de premios instant\u00e1neos. Todo culmin\u00f3 en un espacio fotogr\u00e1fico que anim\u00f3 a compartir la experiencia en redes sociales.<\/p>\n\n\n\n<p>La iniciativa, desarrollada por Preunic en el marco de su campa\u00f1a&nbsp;<em>Beauty Experts<\/em>, busc\u00f3 llevar el universo beauty fuera de las tiendas y ponerlo al alcance de todas y todos en un espacio p\u00fablico. Un gesto cultural que busca abrir la conversaci\u00f3n sobre c\u00f3mo entendemos y resignificamos la belleza en la vida cotidiana, en un pa\u00eds que demanda experiencias m\u00e1s cercanas, inclusivas y con prop\u00f3sito.<\/p>\n\n\n\n<p>En esa l\u00ednea, el concepto de&nbsp;<em>Beauty Experts<\/em>&nbsp;adquiere un nuevo sentido. En un mundo lleno de tendencias y consejos, la verdadera expertise no est\u00e1 en seguir reglas, sino en descubrir lo que hace \u00fanica a cada persona. Desde hace m\u00e1s de 70 a\u00f1os, Preunic ha acompa\u00f1ado a las mujeres en Chile escuch\u00e1ndolas, aconsej\u00e1ndolas y aprendiendo junto a ellas, para que cada una pueda encontrar su propia manera de vivir la belleza.<\/p>\n\n\n\n<p>Hoy, ser una&nbsp;<em>Beauty Expert<\/em>&nbsp;no se limita a dominar t\u00e9cnicas de maquillaje o skincare: tambi\u00e9n significa atreverse a experimentar, jugar, decidir y cuidarse bajo el propio estilo. La campa\u00f1a busca justamente inspirar a que cada persona sea protagonista de su rutina, con la libertad de definirse y la seguridad de sentirse aut\u00e9ntica.<\/p>\n\n\n\n<p><em>\u201cLa belleza es diversa y personal. Hoy se trata de encontrarse con ella en la vida diaria, de conectar con lo que nos hace sentir bien\u201d<\/em>, se\u00f1al\u00f3 Andrea Lagos, gerente comercial, de marketing y omnicanalidad de la organizaci\u00f3n.<\/p>\n\n\n\n<p>Este formato urbano, cada vez m\u00e1s presente en grandes ciudades, llega a Chile como un nuevo puente con las personas. Con&nbsp;<em>Beauty Experts<\/em>, Preunic pone en valor m\u00e1s de 70 a\u00f1os de historia e impulsa espacios abiertos para conectar y profundizar la conversaci\u00f3n sobre lo que significa hoy.<\/p>\n","protected":false},"excerpt":{"rendered":"<p>Santiago, octubre 2025.&nbsp;\u2013 La belleza dej\u00f3 por un d\u00eda los escaparates y vitrinas para instalarse en plena ciudad. Frente al Mall Apumanque, transe\u00fantes fueron sorprendidos &hellip; <\/p>\n","protected":false},"author":1,"featured_media":264,"comment_status":"open","ping_status":"open","sticky":false,"template":"","format":"standard","meta":{"_uag_custom_page_level_css":"","footnotes":""},"categories":[4],"tags":[],"class_list":["post-263","post","type-post","status-publish","format-standard","has-post-thumbnail","hentry","category-belleza"],"uagb_featured_image_src":{"full":["https:\/\/mujercitasmagazine.cl\/wp-content\/uploads\/2025\/10\/1-1.jpg",320,214,false],"thumbnail":["https:\/\/mujercitasmagazine.cl\/wp-content\/uploads\/2025\/10\/1-1-150x150.jpg",150,150,true],"medium":["https:\/\/mujercitasmagazine.cl\/wp-content\/uploads\/2025\/10\/1-1-300x201.jpg",300,201,true],"medium_large":["https:\/\/mujercitasmagazine.cl\/wp-content\/uploads\/2025\/10\/1-1.jpg",320,214,false],"large":["https:\/\/mujercitasmagazine.cl\/wp-content\/uploads\/2025\/10\/1-1.jpg",320,214,false],"1536x1536":["https:\/\/mujercitasmagazine.cl\/wp-content\/uploads\/2025\/10\/1-1.jpg",320,214,false],"2048x2048":["https:\/\/mujercitasmagazine.cl\/wp-content\/uploads\/2025\/10\/1-1.jpg",320,214,false],"hello-fashion-slider":["https:\/\/mujercitasmagazine.cl\/wp-content\/uploads\/2025\/10\/1-1.jpg",320,214,false],"hello-fashion-blog-three":["https:\/\/mujercitasmagazine.cl\/wp-content\/uploads\/2025\/10\/1-1.jpg",320,214,false],"hello-fashion-blog-four":["https:\/\/mujercitasmagazine.cl\/wp-content\/uploads\/2025\/10\/1-1.jpg",320,214,false],"vilva-slider-one":["https:\/\/mujercitasmagazine.cl\/wp-content\/uploads\/2025\/10\/1-1.jpg",320,214,false],"vilva-featured-four":["https:\/\/mujercitasmagazine.cl\/wp-content\/uploads\/2025\/10\/1-1.jpg",320,214,false],"vilva-blog":["https:\/\/mujercitasmagazine.cl\/wp-content\/uploads\/2025\/10\/1-1.jpg",320,214,false],"vilva-blog-one":["https:\/\/mujercitasmagazine.cl\/wp-content\/uploads\/2025\/10\/1-1.jpg",320,214,false],"vilva-sidebar":["https:\/\/mujercitasmagazine.cl\/wp-content\/uploads\/2025\/10\/1-1.jpg",320,214,false]},"uagb_author_info":{"display_name":"Mujercitas Magazine","author_link":"https:\/\/mujercitasmagazine.cl\/?author=1"},"uagb_comment_info":0,"uagb_excerpt":"Santiago, octubre 2025.&nbsp;\u2013 La belleza dej\u00f3 por un d\u00eda los escaparates y vitrinas para instalarse en plena ciudad. Frente al Mall Apumanque, transe\u00fantes fueron sorprendidos &hellip;","_links":{"self":[{"href":"https:\/\/mujercitasmagazine.cl\/index.php?rest_route=\/wp\/v2\/posts\/263","targetHints":{"allow":["GET"]}}],"collection":[{"href":"https:\/\/mujercitasmagazine.cl\/index.php?rest_route=\/wp\/v2\/posts"}],"about":[{"href":"https:\/\/mujercitasmagazine.cl\/index.php?rest_route=\/wp\/v2\/types\/post"}],"author":[{"embeddable":true,"href":"https:\/\/mujercitasmagazine.cl\/index.php?rest_route=\/wp\/v2\/users\/1"}],"replies":[{"embeddable":true,"href":"https:\/\/mujercitasmagazine.cl\/index.php?rest_route=%2Fwp%2Fv2%2Fcomments&post=263"}],"version-history":[{"count":1,"href":"https:\/\/mujercitasmagazine.cl\/index.php?rest_route=\/wp\/v2\/posts\/263\/revisions"}],"predecessor-version":[{"id":265,"href":"https:\/\/mujercitasmagazine.cl\/index.php?rest_route=\/wp\/v2\/posts\/263\/revisions\/265"}],"wp:featuredmedia":[{"embeddable":true,"href":"https:\/\/mujercitasmagazine.cl\/index.php?rest_route=\/wp\/v2\/media\/264"}],"wp:attachment":[{"href":"https:\/\/mujercitasmagazine.cl\/index.php?rest_route=%2Fwp%2Fv2%2Fmedia&parent=263"}],"wp:term":[{"taxonomy":"category","embeddable":true,"href":"https:\/\/mujercitasmagazine.cl\/index.php?rest_route=%2Fwp%2Fv2%2Fcategories&post=263"},{"taxonomy":"post_tag","embeddable":true,"href":"https:\/\/mujercitasmagazine.cl\/index.php?rest_route=%2Fwp%2Fv2%2Ftags&post=263"}],"curies":[{"name":"wp","href":"https:\/\/api.w.org\/{rel}","templated":true}]}}