{"id":193,"date":"2025-08-29T21:02:44","date_gmt":"2025-08-29T21:02:44","guid":{"rendered":"https:\/\/mujercitasmagazine.cl\/?p=193"},"modified":"2025-08-29T21:03:32","modified_gmt":"2025-08-29T21:03:32","slug":"summer-vibes-experience-preunic-refuerza-la-importancia-de-la-fotoproteccion-como-habito-diario-de-autocuidado","status":"publish","type":"post","link":"https:\/\/mujercitasmagazine.cl\/?p=193","title":{"rendered":"\u201cSummer Vibes Experience\u201d: Preunic refuerza la importancia de la fotoprotecci\u00f3n como h\u00e1bito diario de autocuidado"},"content":{"rendered":"\n<p><strong>*<\/strong>La reconocida marca reuni\u00f3 a figuras y creadores de contenido y present\u00f3 las \u00faltimas tendencias en fotoprotecci\u00f3n y como parte de la rutina diaria de skincare.&nbsp;<\/p>\n\n\n\n<p><strong>Santiago, agosto de 2025.- <\/strong>Con gran convocatoria y energ\u00eda veraniega, se realiz\u00f3 este martes 26 de agosto en la terraza OLAS del Hotel Renaissance el evento \u201c<strong>Summer Vibes Experience\u201d, encuentro organizado por Preunic <\/strong>que invit\u00f3 a los asistentes a vivir lo \u00faltimo en fotoprotecci\u00f3n y skincare, destacando la diversidad y calidad de su propuesta \u2014que incluye ic\u00f3nicas marcas coreanas\u2014 y reforzando la importancia de incorporar el bloqueador solar como parte esencial de la rutina diaria de cuidado de la piel.<\/p>\n\n\n\n<p>La jornada reuni\u00f3 a prensa, figuras influyentes, creadores de contenido y <strong>m\u00e1s de 15 marcas l\u00edderes que forman parte de Preunic en la categor\u00eda de cuidado de la piel<\/strong>, en un ambiente dise\u00f1ado para inspirar h\u00e1bitos de autocuidado bajo el concepto <strong>\u201cTu rutina solar todos los d\u00edas\u201d<\/strong>.<\/p>\n\n\n\n<p>Durante el evento, los asistentes participaron de una <strong>masterclass liderada por la dermat\u00f3loga Elena Ortiz (@yoskin)<\/strong>, quien entreg\u00f3 consejos pr\u00e1cticos para protegernos de los rayos UV, enfatizando la <strong>importancia de usar protector solar durante todo el a\u00f1o para prevenir manchas y da\u00f1os en la piel<\/strong> y destac\u00e1ndolo como un <strong>paso clave en la rutina diaria de skincare<\/strong>.<\/p>\n\n\n\n<p><strong><em>\u201cEl bloqueador no es solo para la playa o el verano, es un producto que debe estar en nuestra rutina diaria al igual que la crema hidratante o el limpiador facial. La fotoprotecci\u00f3n es salud, prevenci\u00f3n y un acto de amor propio. Y hoy en Preunic nos enorgullece poner a disposici\u00f3n de todas las personas una amplia gama de opciones accesibles en todas nuestras tiendas a lo largo del pa\u00eds\u201d,<\/em><\/strong><em> se\u00f1al\u00f3 <\/em><strong><em>Andrea Lagos, Gerente de Marketing, Comercial y Omnicanalidad de Preunic<\/em><\/strong><em>.<\/em><\/p>\n\n\n\n<p>Con esta acci\u00f3n, <strong>Preunic refuerza su compromiso por democratizar el acceso a productos de calidad y educar sobre la importancia de la fotoprotecci\u00f3n<\/strong>, entendida no como un lujo, sino como un h\u00e1bito fundamental para cuidar la piel, prevenir da\u00f1os a largo plazo y mantener un bienestar integral.<\/p>\n\n\n\n<p><strong>@preunic_cl @geniacomunicaciones #turutinatodoslosdias #summervibespreunic<\/strong><\/p>\n","protected":false},"excerpt":{"rendered":"<p>*La reconocida marca reuni\u00f3 a figuras y creadores de contenido y present\u00f3 las \u00faltimas tendencias en fotoprotecci\u00f3n y como parte de la rutina diaria de &hellip; <\/p>\n","protected":false},"author":1,"featured_media":194,"comment_status":"open","ping_status":"open","sticky":false,"template":"","format":"standard","meta":{"_uag_custom_page_level_css":"","footnotes":""},"categories":[4],"tags":[],"class_list":["post-193","post","type-post","status-publish","format-standard","has-post-thumbnail","hentry","category-belleza"],"uagb_featured_image_src":{"full":["https:\/\/mujercitasmagazine.cl\/wp-content\/uploads\/2025\/08\/IMG_7022.jpg",570,426,false],"thumbnail":["https:\/\/mujercitasmagazine.cl\/wp-content\/uploads\/2025\/08\/IMG_7022-150x150.jpg",150,150,true],"medium":["https:\/\/mujercitasmagazine.cl\/wp-content\/uploads\/2025\/08\/IMG_7022-300x224.jpg",300,224,true],"medium_large":["https:\/\/mujercitasmagazine.cl\/wp-content\/uploads\/2025\/08\/IMG_7022.jpg",570,426,false],"large":["https:\/\/mujercitasmagazine.cl\/wp-content\/uploads\/2025\/08\/IMG_7022.jpg",570,426,false],"1536x1536":["https:\/\/mujercitasmagazine.cl\/wp-content\/uploads\/2025\/08\/IMG_7022.jpg",570,426,false],"2048x2048":["https:\/\/mujercitasmagazine.cl\/wp-content\/uploads\/2025\/08\/IMG_7022.jpg",570,426,false],"hello-fashion-slider":["https:\/\/mujercitasmagazine.cl\/wp-content\/uploads\/2025\/08\/IMG_7022-480x426.jpg",480,426,true],"hello-fashion-blog-three":["https:\/\/mujercitasmagazine.cl\/wp-content\/uploads\/2025\/08\/IMG_7022-420x426.jpg",420,426,true],"hello-fashion-blog-four":["https:\/\/mujercitasmagazine.cl\/wp-content\/uploads\/2025\/08\/IMG_7022.jpg",570,426,false],"vilva-slider-one":["https:\/\/mujercitasmagazine.cl\/wp-content\/uploads\/2025\/08\/IMG_7022.jpg",570,426,false],"vilva-featured-four":["https:\/\/mujercitasmagazine.cl\/wp-content\/uploads\/2025\/08\/IMG_7022.jpg",570,426,false],"vilva-blog":["https:\/\/mujercitasmagazine.cl\/wp-content\/uploads\/2025\/08\/IMG_7022-420x280.jpg",420,280,true],"vilva-blog-one":["https:\/\/mujercitasmagazine.cl\/wp-content\/uploads\/2025\/08\/IMG_7022.jpg",570,426,false],"vilva-sidebar":["https:\/\/mujercitasmagazine.cl\/wp-content\/uploads\/2025\/08\/IMG_7022.jpg",570,426,false]},"uagb_author_info":{"display_name":"Mujercitas Magazine","author_link":"https:\/\/mujercitasmagazine.cl\/?author=1"},"uagb_comment_info":0,"uagb_excerpt":"*La reconocida marca reuni\u00f3 a figuras y creadores de contenido y present\u00f3 las \u00faltimas tendencias en fotoprotecci\u00f3n y como parte de la rutina diaria de &hellip;","_links":{"self":[{"href":"https:\/\/mujercitasmagazine.cl\/index.php?rest_route=\/wp\/v2\/posts\/193","targetHints":{"allow":["GET"]}}],"collection":[{"href":"https:\/\/mujercitasmagazine.cl\/index.php?rest_route=\/wp\/v2\/posts"}],"about":[{"href":"https:\/\/mujercitasmagazine.cl\/index.php?rest_route=\/wp\/v2\/types\/post"}],"author":[{"embeddable":true,"href":"https:\/\/mujercitasmagazine.cl\/index.php?rest_route=\/wp\/v2\/users\/1"}],"replies":[{"embeddable":true,"href":"https:\/\/mujercitasmagazine.cl\/index.php?rest_route=%2Fwp%2Fv2%2Fcomments&post=193"}],"version-history":[{"count":1,"href":"https:\/\/mujercitasmagazine.cl\/index.php?rest_route=\/wp\/v2\/posts\/193\/revisions"}],"predecessor-version":[{"id":195,"href":"https:\/\/mujercitasmagazine.cl\/index.php?rest_route=\/wp\/v2\/posts\/193\/revisions\/195"}],"wp:featuredmedia":[{"embeddable":true,"href":"https:\/\/mujercitasmagazine.cl\/index.php?rest_route=\/wp\/v2\/media\/194"}],"wp:attachment":[{"href":"https:\/\/mujercitasmagazine.cl\/index.php?rest_route=%2Fwp%2Fv2%2Fmedia&parent=193"}],"wp:term":[{"taxonomy":"category","embeddable":true,"href":"https:\/\/mujercitasmagazine.cl\/index.php?rest_route=%2Fwp%2Fv2%2Fcategories&post=193"},{"taxonomy":"post_tag","embeddable":true,"href":"https:\/\/mujercitasmagazine.cl\/index.php?rest_route=%2Fwp%2Fv2%2Ftags&post=193"}],"curies":[{"name":"wp","href":"https:\/\/api.w.org\/{rel}","templated":true}]}}