{"id":163,"date":"2025-08-25T16:17:13","date_gmt":"2025-08-25T16:17:13","guid":{"rendered":"https:\/\/mujercitasmagazine.cl\/?p=163"},"modified":"2025-08-25T16:17:55","modified_gmt":"2025-08-25T16:17:55","slug":"xavier-marcet-llega-a-chile-para-hablar-de-liderazgo-con-sentido-en-tiempos-de-inteligencia-artificial","status":"publish","type":"post","link":"https:\/\/mujercitasmagazine.cl\/?p=163","title":{"rendered":"Xavier Marcet llega a Chile para hablar de liderazgo con sentido en tiempos de Inteligencia Artificial"},"content":{"rendered":"<div class=\"wp-block-image\">\n<figure class=\"aligncenter size-full is-resized\"><img loading=\"lazy\" decoding=\"async\" width=\"828\" height=\"562\" src=\"https:\/\/mujercitasmagazine.cl\/wp-content\/uploads\/2025\/08\/xavier.png\" alt=\"\" class=\"wp-image-164\" style=\"width:290px;height:auto\" srcset=\"https:\/\/mujercitasmagazine.cl\/wp-content\/uploads\/2025\/08\/xavier.png 828w, https:\/\/mujercitasmagazine.cl\/wp-content\/uploads\/2025\/08\/xavier-300x204.png 300w, https:\/\/mujercitasmagazine.cl\/wp-content\/uploads\/2025\/08\/xavier-768x521.png 768w\" sizes=\"auto, (max-width: 828px) 100vw, 828px\" \/><\/figure>\n<\/div>\n\n\n<p>Santiago, agosto de 2025 \u2013 El reconocido consultor internacional y referente en management humanista, Xavier Marcet, se presentar\u00e1 en Chile el pr\u00f3ximo mi\u00e9rcoles 27 de agosto en el Espacio IF Teatro Italia, con su conferencia \u201cLiderazgo con sentido en tiempos de IA\u201d, un encuentro dise\u00f1ado para inspirar a l\u00edderes, empresas y profesionales a repensar<br>su rol en una era marcada por la disrupci\u00f3n tecnol\u00f3gica.<\/p>\n\n\n\n<p><br>Marcet, autor de obras como Esquivar la mediocridad y Management Humanista, ha asesorado a compa\u00f1\u00edas, universidades e instituciones en Europa, Am\u00e9rica y Asia. Su enfoque conecta innovaci\u00f3n, estrategia y cultura organizacional, siempre con un \u00e9nfasis en lo humano como centro de las transformaciones.<\/p>\n\n\n\n<p><br>El evento busca ir m\u00e1s all\u00e1 de una charla magistral. Se plantea como una experiencia de reflexi\u00f3n colectiva sobre c\u00f3mo enfrentar los desaf\u00edos que impone la inteligencia artificial en los modelos de negocio, la gesti\u00f3n de personas y la toma de decisiones estrat\u00e9gicas.<\/p>\n\n\n\n<p><\/p>\n\n\n\n<p>Inspirar, cuestionar, actuar<br>Este encuentro ser\u00e1 un espacio para activar conversaciones inc\u00f3modas pero necesarias,<br>fortalecer redes entre l\u00edderes, instituciones y nuevas generaciones, y dejar atr\u00e1s el<br>pensamiento de corto plazo para construir organizaciones m\u00e1s \u00e1giles, coherentes y<br>orientadas al futuro.<\/p>\n\n\n\n<p>Las entradas ya est\u00e1n disponibles en Ecopass<br>Con un valor de $85.000 en modalidad general y $120.000 con acceso a Meet &amp; Greet. La<br>convocatoria espera reunir a ejecutivos, acad\u00e9micos, emprendedores y l\u00edderes de opini\u00f3n<br>interesados en anticiparse al futuro con una mirada m\u00e1s consciente y responsable.<br>La charla es organizada por Unlearni e iF Chile, en un encuentro que promete activar<br>conversaciones necesarias sobre el futuro del liderazgo, combinando visi\u00f3n estrat\u00e9gica y<br>pensamiento cr\u00edtico en un mundo donde la tecnolog\u00eda evoluciona m\u00e1s r\u00e1pido que las<br>organizaciones.<\/p>\n\n\n\n<p><\/p>\n\n\n\n<p><\/p>\n","protected":false},"excerpt":{"rendered":"<p>Santiago, agosto de 2025 \u2013 El reconocido consultor internacional y referente en management humanista, Xavier Marcet, se presentar\u00e1 en Chile el pr\u00f3ximo mi\u00e9rcoles 27 de &hellip; <\/p>\n","protected":false},"author":1,"featured_media":164,"comment_status":"open","ping_status":"open","sticky":false,"template":"","format":"standard","meta":{"_uag_custom_page_level_css":"","footnotes":""},"categories":[13],"tags":[],"class_list":["post-163","post","type-post","status-publish","format-standard","has-post-thumbnail","hentry","category-tecnologia"],"uagb_featured_image_src":{"full":["https:\/\/mujercitasmagazine.cl\/wp-content\/uploads\/2025\/08\/xavier.png",828,562,false],"thumbnail":["https:\/\/mujercitasmagazine.cl\/wp-content\/uploads\/2025\/08\/xavier-150x150.png",150,150,true],"medium":["https:\/\/mujercitasmagazine.cl\/wp-content\/uploads\/2025\/08\/xavier-300x204.png",300,204,true],"medium_large":["https:\/\/mujercitasmagazine.cl\/wp-content\/uploads\/2025\/08\/xavier-768x521.png",768,521,true],"large":["https:\/\/mujercitasmagazine.cl\/wp-content\/uploads\/2025\/08\/xavier.png",828,562,false],"1536x1536":["https:\/\/mujercitasmagazine.cl\/wp-content\/uploads\/2025\/08\/xavier.png",828,562,false],"2048x2048":["https:\/\/mujercitasmagazine.cl\/wp-content\/uploads\/2025\/08\/xavier.png",828,562,false],"hello-fashion-slider":["https:\/\/mujercitasmagazine.cl\/wp-content\/uploads\/2025\/08\/xavier.png",480,326,false],"hello-fashion-blog-three":["https:\/\/mujercitasmagazine.cl\/wp-content\/uploads\/2025\/08\/xavier.png",420,285,false],"hello-fashion-blog-four":["https:\/\/mujercitasmagazine.cl\/wp-content\/uploads\/2025\/08\/xavier.png",573,389,false],"vilva-slider-one":["https:\/\/mujercitasmagazine.cl\/wp-content\/uploads\/2025\/08\/xavier.png",828,562,false],"vilva-featured-four":["https:\/\/mujercitasmagazine.cl\/wp-content\/uploads\/2025\/08\/xavier.png",781,530,false],"vilva-blog":["https:\/\/mujercitasmagazine.cl\/wp-content\/uploads\/2025\/08\/xavier.png",413,280,false],"vilva-blog-one":["https:\/\/mujercitasmagazine.cl\/wp-content\/uploads\/2025\/08\/xavier.png",737,500,false],"vilva-sidebar":["https:\/\/mujercitasmagazine.cl\/wp-content\/uploads\/2025\/08\/xavier.png",697,473,false]},"uagb_author_info":{"display_name":"Mujercitas Magazine","author_link":"https:\/\/mujercitasmagazine.cl\/?author=1"},"uagb_comment_info":0,"uagb_excerpt":"Santiago, agosto de 2025 \u2013 El reconocido consultor internacional y referente en management humanista, Xavier Marcet, se presentar\u00e1 en Chile el pr\u00f3ximo mi\u00e9rcoles 27 de &hellip;","_links":{"self":[{"href":"https:\/\/mujercitasmagazine.cl\/index.php?rest_route=\/wp\/v2\/posts\/163","targetHints":{"allow":["GET"]}}],"collection":[{"href":"https:\/\/mujercitasmagazine.cl\/index.php?rest_route=\/wp\/v2\/posts"}],"about":[{"href":"https:\/\/mujercitasmagazine.cl\/index.php?rest_route=\/wp\/v2\/types\/post"}],"author":[{"embeddable":true,"href":"https:\/\/mujercitasmagazine.cl\/index.php?rest_route=\/wp\/v2\/users\/1"}],"replies":[{"embeddable":true,"href":"https:\/\/mujercitasmagazine.cl\/index.php?rest_route=%2Fwp%2Fv2%2Fcomments&post=163"}],"version-history":[{"count":1,"href":"https:\/\/mujercitasmagazine.cl\/index.php?rest_route=\/wp\/v2\/posts\/163\/revisions"}],"predecessor-version":[{"id":165,"href":"https:\/\/mujercitasmagazine.cl\/index.php?rest_route=\/wp\/v2\/posts\/163\/revisions\/165"}],"wp:featuredmedia":[{"embeddable":true,"href":"https:\/\/mujercitasmagazine.cl\/index.php?rest_route=\/wp\/v2\/media\/164"}],"wp:attachment":[{"href":"https:\/\/mujercitasmagazine.cl\/index.php?rest_route=%2Fwp%2Fv2%2Fmedia&parent=163"}],"wp:term":[{"taxonomy":"category","embeddable":true,"href":"https:\/\/mujercitasmagazine.cl\/index.php?rest_route=%2Fwp%2Fv2%2Fcategories&post=163"},{"taxonomy":"post_tag","embeddable":true,"href":"https:\/\/mujercitasmagazine.cl\/index.php?rest_route=%2Fwp%2Fv2%2Ftags&post=163"}],"curies":[{"name":"wp","href":"https:\/\/api.w.org\/{rel}","templated":true}]}}